{"id":8119,"date":"2025-10-23T14:18:46","date_gmt":"2025-10-23T14:18:46","guid":{"rendered":"https:\/\/media-law.at\/?p=8119"},"modified":"2025-10-23T14:18:47","modified_gmt":"2025-10-23T14:18:47","slug":"loeschungsantrag-nach-%c2%a7-32-mschg-wann-gilt-eine-auslaendische-unternehmensbezeichnung-als-im-inland-benutzt","status":"publish","type":"post","link":"https:\/\/media-law.at\/?p=8119","title":{"rendered":"L\u00f6schungsantrag nach \u00a7 32 MSchG: Wann gilt eine ausl\u00e4ndische Unternehmensbezeichnung als im Inland benutzt?"},"content":{"rendered":"\n[et_pb_section fb_built=&#8220;1&#8243; theme_builder_area=&#8220;post_content&#8220; _builder_version=&#8220;4.27.0&#8243; _module_preset=&#8220;default&#8220;][et_pb_row _builder_version=&#8220;4.27.0&#8243; _module_preset=&#8220;default&#8220; theme_builder_area=&#8220;post_content&#8220;][et_pb_column _builder_version=&#8220;4.27.0&#8243; _module_preset=&#8220;default&#8220; type=&#8220;4_4&#8243; theme_builder_area=&#8220;post_content&#8220;][et_pb_text _builder_version=&#8220;4.27.0&#8243; _module_preset=&#8220;default&#8220; theme_builder_area=&#8220;post_content&#8220; hover_enabled=&#8220;0&#8243; sticky_enabled=&#8220;0&#8243;]<p>OLG Wien-Entscheidung vom 14.07.2025, 33 R 105\/25s<\/p>\n<p>&nbsp;<\/p>\n<p><strong>Sachverhalt:<\/strong><\/p>\n<p>Im Januar 2020 gr\u00fcndete ein franz\u00f6sischer Unternehmer die Gesellschaft \u201eVentio\u201c, die Antragstellerin, als franz\u00f6sische SAS. Bereits Ende Dezember 2019 hatte er verschiedene Internet-Domains mit dem Bestandteil &#8222;Ventio&#8220; registriert. Das Gesch\u00e4ftsfeld umfasste Computerdienste f\u00fcr die Indizierung, Speicherung und Verarbeitung sensibler Daten sowie Beratungsleistungen in diesem Bereich.<\/p>\n<p>Die Antragsgegnerin lie\u00df 2021 eine \u00f6sterreichische Wortbildmarke mit dem Wortbestandteil &#8222;Ventio&#8220; f\u00fcr die Klassen 9, 35 und 42 eintragen:<\/p>\n<p><a href=\"https:\/\/media-law.at\/wp-content\/uploads\/2025\/10\/ventio-33R105_25s.jpg\"><img loading=\"lazy\" decoding=\"async\" src=\"https:\/\/media-law.at\/wp-content\/uploads\/2025\/10\/ventio-33R105_25s.jpg\" width=\"120\" height=\"120\" alt=\"\" class=\"wp-image-8121 aligncenter size-full\" \/><\/a><\/p>\n<p>Die franz\u00f6sische Antragstellerin sah hierin eine Verletzung ihrer Unternehmensbezeichnung und beantragte die L\u00f6schung der Marke. Sie argumentierte, zwischen ihrer Unternehmensbezeichnung und der Wortbildmarke bestehe hochgradige \u00c4hnlichkeit, die Gesch\u00e4ftsgebiete seien praktisch identisch und sie habe ihre Bezeichnung bereits vor dem Priorit\u00e4tsdatum in \u00d6sterreich gesch\u00e4ftlich verwendet.<\/p>\n<p>Die Antragsgegnerin bestritt eine relevante Vorbenutzung in \u00d6sterreich. Die Nichtigkeitsabteilung des Patentamts wies den L\u00f6schungsantrag ab, da die Antragstellerin keine gesch\u00e4ftliche Benutzung ihrer Unternehmensbezeichnung in \u00d6sterreich vor dem Priorit\u00e4tsdatum nachgewiesen habe. Dagegen erhob die Antragstellerin Berufung.<\/p>\n<p>&nbsp;<\/p>\n<p><strong>Entscheidung:<\/strong><\/p>\n<p>Das OLG Wien best\u00e4tigte die Abweisung des L\u00f6schungsantrags.<\/p>\n<p>Gem\u00e4\u00df\u00a0\u00a7\u00a032 Abs\u00a01 MSchG\u00a0kann ein Unternehmer die <strong>L\u00f6schung einer Marke begehren, wenn seine Firma oder Unternehmensbezeichnung ohne seine Zustimmung als Marke registriert<\/strong> wurde und die Benutzung der Marke Verwechslungsgefahr hervorrufen w\u00fcrde. Ein <strong>ausl\u00e4ndisches Unternehmen<\/strong> kann einen solchen Antrag jedoch nur dann erfolgreich stellen, wenn es seine Bezeichnung vor dem Priorit\u00e4tsdatum der angegriffenen Marke <strong>in \u00d6sterreich so in Gebrauch genommen<\/strong> hat, dass daraus auf den Beginn einer <strong>dauernden wirtschaftlichen Bet\u00e4tigung im Inland<\/strong> geschlossen werden kann. Aus der blo\u00dfen Zug\u00e4nglichkeit einer Website nicht geschlossen werden kann, dass sich die darauf angezeigten Angebote an Adressaten in diesem Gebiet richten.<\/p>\n<p>Die Website der Antragstellerin verzeichnete zwischen Januar 2020 und Februar 2021 insgesamt 100 Zugriffe aus \u00d6sterreich. Das Gericht bewertete dies als irrelevant, da der blo\u00dfe Umstand, dass die Website von Personen in \u00d6sterreich aufgerufen werden konnte, keine R\u00fcckschl\u00fcsse auf gesch\u00e4ftliche Aktivit\u00e4ten im Inland erlaube. Ein wissenschaftlicher Vortrag an der TU Graz vor etwa 20 Personen sei lediglich eine Vorstellung vor einem sehr kleinen Personenkreis, aus der sich nicht ableiten lasse, dass eine dauernde wirtschaftliche Bet\u00e4tigung in \u00d6sterreich beabsichtigt oder begonnen worden sei. Auch f\u00fcr einen Europ\u00e4ischen Kongress f\u00fcr Radiologie mit 1.136 Teilnehmern aus \u00d6sterreich gelte dasselbe.<\/p>\n<p>Das OLG kam zu dem Schluss, dass die Antragstellerin ihre Bezeichnung vor der Markenanmeldung in \u00d6sterreich nicht in einer Weise in Gebrauch genommen habe, die auf eine dauernde wirtschaftliche Bet\u00e4tigung im Inland schlie\u00dfen lasse. Dieses Ergebnis werde durch die Tatsache best\u00e4tigt, dass die Antragstellerin bis zum Schluss der Verhandlung im November 2024 keine Kunden in \u00d6sterreich hatte.<\/p>\n<p>&nbsp;<\/p>\n<p>&nbsp;<\/p>\n<p><a href=\"https:\/\/www.ris.bka.gv.at\/Dokumente\/Justiz\/JJT_20250714_OLG0009_03300R00105_25S0000_001\/JJT_20250714_OLG0009_03300R00105_25S0000_001.html\" target=\"_blank\" rel=\"noopener\">Link zur Entscheidung<\/a><\/p>\n<p>&nbsp;<\/p>\n<p><strong>Weitere Blog-Beitr\u00e4ge zum Thema L\u00f6schung von Marken:<\/strong><\/p>\n<p><a href=\"https:\/\/media-law.at\/?p=7208\">L\u00f6schungsverfahren vor dem Patentamt: Freiwillige L\u00f6schung \u201emit sofortiger Wirkung\u201c gen\u00fcgt nicht, wenn L\u00f6schung ex tunc (r\u00fcckwirkend) beantragt war.<\/a><\/p>\n<p><a href=\"https:\/\/media-law.at\/?p=6826\">\u00dcbersetzungsfehler im Waren- und Dienstleistungsverzeichnis f\u00fchrt zur L\u00f6schungsreife einer Marke wegen Nichtbenutzung? Schutzbereich richtet sich nach Verzeichnis der IR-Marke, nicht dem der Basismarke.<\/a><\/p>\n<p><a href=\"https:\/\/media-law.at\/?p=5724\">Markenrechtlicher Benutzungszwang: Jedermann kann die L\u00f6schung einer Marke beantragen, wenn diese 5 Jahre lang nicht kennzeichenm\u00e4\u00dfig benutzt wurde.<\/a><\/p>\n<p><a href=\"https:\/\/media-law.at\/?p=6508\">Widerspruchsverfahren: Marke wurde Verfahrensgegner jahrelang zur Verf\u00fcgung gestellt. Kein Einwand der L\u00f6schungsreife infolge Nichtbenutzung.<\/a><\/p>\n<p><a href=\"https:\/\/media-law.at\/?p=6093\">Spanische Hofreitschule erwirkt L\u00f6schung b\u00f6sgl\u00e4ubiger \u201eLIPIZZANER\u201c-Markenanmeldungen.<\/a><\/p>\n<p><a href=\"https:\/\/media-law.at\/?p=5724\">Markenrechtlicher Benutzungszwang: Jedermann kann die L\u00f6schung einer Marke beantragen, wenn diese 5 Jahre lang nicht kennzeichenm\u00e4\u00dfig benutzt wurde.<\/a><\/p>\n<p><a href=\"https:\/\/media-law.at\/?p=5645\">Individualmarke wird wie Gew\u00e4hrleistungsmarke verwendet: L\u00f6schung mangels kennzeichenm\u00e4\u00dfiger Benutzung.<\/a><\/p>\n<p><a href=\"https:\/\/media-law.at\/?p=1728\">BGH: Inhaber einer bekannten Marke kann L\u00f6schung einer Parodie verlangen<\/a><\/p>\n<p><a href=\"https:\/\/media-law.at\/?p=388\">Marke \u201eGUTE LAUNE\u201c f\u00fcr Tee ist nicht beschreibend und auch keine Gattungsbezeichnung; L\u00f6schungsantrag abgewiesen<\/a><\/p>\n<p><a href=\"https:\/\/media-law.at\/?p=367\">Deutschland: BGH zur L\u00f6schung der Marke \u201etest\u201c der Stiftung Warentest<\/a><\/p>[\/et_pb_text][\/et_pb_column][\/et_pb_row][\/et_pb_section]\n","protected":false},"excerpt":{"rendered":"<p>OLG Wien-Entscheidung vom 14.07.2025, 33 R 105\/25s &nbsp; Sachverhalt: Im Januar 2020 gr\u00fcndete ein franz\u00f6sischer Unternehmer die Gesellschaft \u201eVentio\u201c, die Antragstellerin, als franz\u00f6sische SAS. Bereits Ende Dezember 2019 hatte er verschiedene Internet-Domains mit dem Bestandteil &#8222;Ventio&#8220; registriert. Das Gesch\u00e4ftsfeld umfasste Computerdienste f\u00fcr die Indizierung, Speicherung und Verarbeitung sensibler Daten sowie Beratungsleistungen in diesem Bereich. Die [&hellip;]<\/p>\n","protected":false},"author":1,"featured_media":0,"comment_status":"closed","ping_status":"open","sticky":false,"template":"","format":"standard","meta":{"_et_pb_use_builder":"on","_et_pb_old_content":"","_et_gb_content_width":"","footnotes":""},"categories":[5],"tags":[72,4556,234,246,4555,4554,4553],"class_list":["post-8119","post","type-post","status-publish","format-standard","hentry","category-markenrecht","tag-benutzung","tag-inland","tag-loschung","tag-markenrecht-2","tag-unternehmenskennzeichen","tag-ventio","tag--32-mschg"],"aioseo_notices":[],"_links":{"self":[{"href":"https:\/\/media-law.at\/index.php?rest_route=\/wp\/v2\/posts\/8119","targetHints":{"allow":["GET"]}}],"collection":[{"href":"https:\/\/media-law.at\/index.php?rest_route=\/wp\/v2\/posts"}],"about":[{"href":"https:\/\/media-law.at\/index.php?rest_route=\/wp\/v2\/types\/post"}],"author":[{"embeddable":true,"href":"https:\/\/media-law.at\/index.php?rest_route=\/wp\/v2\/users\/1"}],"replies":[{"embeddable":true,"href":"https:\/\/media-law.at\/index.php?rest_route=%2Fwp%2Fv2%2Fcomments&post=8119"}],"version-history":[{"count":4,"href":"https:\/\/media-law.at\/index.php?rest_route=\/wp\/v2\/posts\/8119\/revisions"}],"predecessor-version":[{"id":8125,"href":"https:\/\/media-law.at\/index.php?rest_route=\/wp\/v2\/posts\/8119\/revisions\/8125"}],"wp:attachment":[{"href":"https:\/\/media-law.at\/index.php?rest_route=%2Fwp%2Fv2%2Fmedia&parent=8119"}],"wp:term":[{"taxonomy":"category","embeddable":true,"href":"https:\/\/media-law.at\/index.php?rest_route=%2Fwp%2Fv2%2Fcategories&post=8119"},{"taxonomy":"post_tag","embeddable":true,"href":"https:\/\/media-law.at\/index.php?rest_route=%2Fwp%2Fv2%2Ftags&post=8119"}],"curies":[{"name":"wp","href":"https:\/\/api.w.org\/{rel}","templated":true}]}}