{"id":7993,"date":"2025-09-19T12:29:30","date_gmt":"2025-09-19T12:29:30","guid":{"rendered":"https:\/\/media-law.at\/?p=7993"},"modified":"2025-09-22T09:30:17","modified_gmt":"2025-09-22T09:30:17","slug":"olg-wien-zur-shrinkflation-im-lebensmittelhandel-unlautere-irrefuehrung-durch-versteckte-preiserhoehung-bei-iglo-lachs","status":"publish","type":"post","link":"https:\/\/media-law.at\/?p=7993","title":{"rendered":"OLG Wien zur \u201eShrinkflation\u201c im Lebensmittelhandel: Unlautere Irref\u00fchrung durch versteckte Preiserh\u00f6hung bei Iglo-Lachs."},"content":{"rendered":"<p>[et_pb_section fb_built=&#8220;1&#8243; _builder_version=&#8220;4.27.0&#8243; _module_preset=&#8220;default&#8220; global_colors_info=&#8220;{}&#8220;][et_pb_row _builder_version=&#8220;4.27.0&#8243; _module_preset=&#8220;default&#8220; global_colors_info=&#8220;{}&#8220;][et_pb_column type=&#8220;4_4&#8243; _builder_version=&#8220;4.27.0&#8243; _module_preset=&#8220;default&#8220; global_colors_info=&#8220;{}&#8220;][et_pb_text _builder_version=&#8220;4.27.0&#8243; _module_preset=&#8220;default&#8220; hover_enabled=&#8220;0&#8243; global_colors_info=&#8220;{}&#8220; sticky_enabled=&#8220;0&#8243;]<\/p>\n<p>OLG Wien-Entscheidung vom 24.6.2025, 4 R 197\/24f<\/p>\n<p>&nbsp;<\/p>\n<p><strong>Sachverhalt:<\/strong><\/p>\n<p>Der Verein f\u00fcr Konsumenteninformation (VKI) klagte die Iglo Austria GmbH wegen versteckter Preiserh\u00f6hung beim Produkt \u201eIglo Atlantik Lachs\u201c. Bis Anfang Februar 2023 enthielt die Packung zwei tiefgefrorene Lachsfilets mit 250 g Nettof\u00fcllmenge. Ab Februar 2023 reduzierte Iglo die F\u00fcllmenge auf 220 g, lie\u00df Verpackungsgr\u00f6\u00dfe und Preis aber unver\u00e4ndert und kommunizierte die Reduktion nur durch die ge\u00e4nderte Grammatur \u201e220 g\u201c auf der Vorderseite.<\/p>\n<p><a href=\"https:\/\/media-law.at\/wp-content\/uploads\/2025\/09\/Iglo-Atlantik-Lack-Shrinkflation-OLG-Wien.jpg\"><img loading=\"lazy\" decoding=\"async\" src=\"https:\/\/media-law.at\/wp-content\/uploads\/2025\/09\/Iglo-Atlantik-Lack-Shrinkflation-OLG-Wien.jpg\" width=\"593\" height=\"330\" alt=\"\" class=\"wp-image-7995 aligncenter size-full\" srcset=\"https:\/\/media-law.at\/wp-content\/uploads\/2025\/09\/Iglo-Atlantik-Lack-Shrinkflation-OLG-Wien.jpg 593w, https:\/\/media-law.at\/wp-content\/uploads\/2025\/09\/Iglo-Atlantik-Lack-Shrinkflation-OLG-Wien-480x267.jpg 480w\" sizes=\"auto, (min-width: 0px) and (max-width: 480px) 480px, (min-width: 481px) 593px, 100vw\" \/><\/a><\/p>\n<p>Zuvor war der Endverkaufspreis im November\/Dezember 2022 von EUR 12,99 auf EUR 14,99 erh\u00f6ht worden.<\/p>\n<p>Der VKI sah darin eine unlautere Irref\u00fchrung und klagte auf Unterlassung sowie Urteilsver\u00f6ffentlichung.<\/p>\n<p>&nbsp;<\/p>\n<p><strong>Entscheidung:<\/strong><\/p>\n<p>Das Erstgericht gab der Klage statt. Das OLG Wien wies die Berufung ab und best\u00e4tigte das erstinstanzliche Urteil samt Unterlassung und Urteilsver\u00f6ffentlichung.<\/p>\n<p>Die Reduktion der Nettof\u00fcllmenge von 250 g auf 220 g bei gleichbleibender Verpackungsgr\u00f6\u00dfe und unver\u00e4ndertem Endpreis stellte nach Ansicht des OLG Wien eine <strong>irref\u00fchrende Gesch\u00e4ftspraktik<\/strong> dar: Der <strong>Grundpreis steigt<\/strong>, w\u00e4hrend der Durchschnittsverbraucher aufgrund des unver\u00e4nderten Gesamtauftritts davon ausgeht, das bisherige Produkt zu denselben Konditionen zu erwerben. Damit liegt eine <strong>T\u00e4uschung<\/strong> sowohl \u00fcber ein wesentliches Merkmal, n\u00e4mlich das <strong>Gewicht<\/strong> (\u00a7 2 Abs 1 Z 2 UWG), als auch \u00fcber <strong>Preis<\/strong> bzw. Art der Preisberechnung (\u00a7 2 Abs 1 Z 4 UWG) vor.<\/p>\n<p>Die blo\u00dfe, nicht hervorgehobene Angabe \u201e220 g\u201c gen\u00fcgt nicht, um die Irref\u00fchrung zu beseitigen; Mengenangaben werden in diesem Kontext h\u00e4ufig \u00fcbersehen oder nicht richtig eingeordnet. Ebenso erf\u00fcllt das Vorgehen den Tatbestand des \u00a7 2 Abs 4 UWG, weil wesentliche Informationen zur ge\u00e4nderten Preisrelation (mehr Preis pro Ma\u00dfeinheit) verheimlicht bzw. nicht rechtzeitig und klar bereitgestellt wurden.<\/p>\n<p>Der Hinweis auf die gesetzlich vorgeschriebene Grundpreisauszeichnung \u00e4ndert daran nichts. Diese soll Preisvergleiche zwischen unterschiedlichen Produkten erleichtern. Wer jedoch ein bekanntes Produkt kauft, rechnet nicht mit einer versteckten Preiserh\u00f6hung durch Mengenreduktion und wird den Grundpreis typischerweise nicht kontrollieren oder mit fr\u00fcheren Grundpreisen \u201eabgleichen\u201c.<\/p>\n<p>Eine Verj\u00e4hrung verneinte das Gericht, weil ein fortdauernder gesetzwidriger Zustand vorlag.<\/p>\n<p>&nbsp;<\/p>\n<p><a href=\"https:\/\/verbraucherrecht.at\/system\/files\/2025-09\/Sonstige%20Erledigung%20Rechtsmittelentscheidung%20ON%2016_1-1.pdf\" target=\"_blank\" rel=\"noopener\">Link zur Entscheidung (VKI Website)<\/a><\/p>\n<p>&nbsp;<\/p>\n<p><strong>Weitere Blog-Beitr\u00e4ge zum Thema unlautere Irref\u00fchrung:<\/strong><\/p>\n<p><a href=\"https:\/\/media-law.at\/?p=7916\">Aktivlegitimation ja \u2013 Schadenersatzanspruch nein: OGH zur Irref\u00fchrung von Verbrauchern durch Tresor-Werbung.<\/a><\/p>\n<p><a href=\"https:\/\/media-law.at\/?p=7371\">\u201eSmartphones f\u00fcr 0 Euro\u201c: Unlautere Irref\u00fchrung wenn in Wahrheit jedenfalls ein h\u00f6herer Betrag unvermeidbar zu bezahlen ist.<\/a><\/p>\n<p><a href=\"https:\/\/media-law.at\/?p=6543\">Erfrischungsgetr\u00e4nk mit \u201eWaldbeeren-Mix\u201c. Tats\u00e4chlich keine Waldbeeren oder Aromen enthalten = unlautere Irref\u00fchrung.<\/a><\/p>\n<p><a href=\"https:\/\/media-law.at\/?p=6229\">Keine Irref\u00fchrung: Begriff \u201eWirtschaftskanzlei\u201c ist keiner bestimmten Berufsgruppe (wie etwa Rechtsanw\u00e4lten) vorbehalten.<\/a><\/p>\n<p><a href=\"https:\/\/media-law.at\/?p=6120\">Unternehmen wird in Instagram-Posting getaggt: Zurechnung der unberechtigten Verwendung einer registrierten Marke. Unlautere Irref\u00fchrung.<\/a><\/p>\n<p><a href=\"https:\/\/media-law.at\/?p=5402\">Werbung mit Gutschein \u201eSpare 10% auf ALLES\u201c: Irref\u00fchrung wenn Rabatt nicht tats\u00e4chlich auf alles gew\u00e4hrt wird<\/a><\/p>\n<p><a href=\"https:\/\/media-law.at\/?p=5203\">Irref\u00fchrung: Linksetzer muss sich Inhalt fremder Website als eigenen zurechnen lassen<\/a><\/p>\n<p><a href=\"https:\/\/media-law.at\/?p=5210\">Reichweitenwerbung: 27% sind ein Drittel? Irref\u00fchrung durch Blickfang.<\/a><\/p>\n<p><a href=\"https:\/\/media-law.at\/?p=5186\">(Verfr\u00fchte) Werbung mit Alleinvertriebsrecht: Unlautere Irref\u00fchrung<\/a><\/p>\n<p><a href=\"https:\/\/media-law.at\/?p=5028\">\u201eOffizielles\u201c Tirol-Logo nach Ablauf des Lizenzvertrages weitergenutzt: Unlautere Irref\u00fchrung<\/a><\/p>\n<p><a href=\"https:\/\/media-law.at\/?p=4971\">Webshop wird verkauft. Darf Verk\u00e4ufer weiterhin mit Kundenbewertungen des verkauften Webshops werben? (Irref\u00fchrung)<\/a><\/p>\n<p><a href=\"https:\/\/media-law.at\/?p=4887\">Beworbene Ersparnis wird nur kurzfristig erzielt: Unlautere Irref\u00fchrung<\/a><\/p>\n<p><a href=\"https:\/\/media-law.at\/?p=4637\">Logos karitativer Organisationen auf Altkleidercontainern: Irref\u00fchrung da nur geringer Bruchteil des Erl\u00f6ses gespendet<\/a><\/p>\n<p><a href=\"https:\/\/media-law.at\/?p=3874\">Vort\u00e4uschen einer langj\u00e4hrigen Tradition ist unlautere Irref\u00fchrung iSd \u00a7 2 UWG<\/a><\/p>\n<p>[\/et_pb_text][\/et_pb_column][\/et_pb_row][\/et_pb_section]<\/p>\n","protected":false},"excerpt":{"rendered":"<p>OLG Wien-Entscheidung vom 24.6.2025, 4 R 197\/24f &nbsp; Sachverhalt: Der Verein f\u00fcr Konsumenteninformation (VKI) klagte die Iglo Austria GmbH wegen versteckter Preiserh\u00f6hung beim Produkt \u201eIglo Atlantik Lachs\u201c. Bis Anfang Februar 2023 enthielt die Packung zwei tiefgefrorene Lachsfilets mit 250 g Nettof\u00fcllmenge. Ab Februar 2023 reduzierte Iglo die F\u00fcllmenge auf 220 g, lie\u00df Verpackungsgr\u00f6\u00dfe und Preis [&hellip;]<\/p>\n","protected":false},"author":1,"featured_media":0,"comment_status":"closed","ping_status":"open","sticky":false,"template":"","format":"standard","meta":{"_et_pb_use_builder":"on","_et_pb_old_content":"","_et_gb_content_width":"","footnotes":""},"categories":[4],"tags":[4511,211,4512,602,4510,387],"class_list":["post-7993","post","type-post","status-publish","format-standard","hentry","category-uwg-werberecht","tag-iglo","tag-irrefuhrung","tag-lachs","tag-preiserhoehung","tag-shrinkflation","tag-uwg"],"aioseo_notices":[],"_links":{"self":[{"href":"https:\/\/media-law.at\/index.php?rest_route=\/wp\/v2\/posts\/7993","targetHints":{"allow":["GET"]}}],"collection":[{"href":"https:\/\/media-law.at\/index.php?rest_route=\/wp\/v2\/posts"}],"about":[{"href":"https:\/\/media-law.at\/index.php?rest_route=\/wp\/v2\/types\/post"}],"author":[{"embeddable":true,"href":"https:\/\/media-law.at\/index.php?rest_route=\/wp\/v2\/users\/1"}],"replies":[{"embeddable":true,"href":"https:\/\/media-law.at\/index.php?rest_route=%2Fwp%2Fv2%2Fcomments&post=7993"}],"version-history":[{"count":6,"href":"https:\/\/media-law.at\/index.php?rest_route=\/wp\/v2\/posts\/7993\/revisions"}],"predecessor-version":[{"id":8006,"href":"https:\/\/media-law.at\/index.php?rest_route=\/wp\/v2\/posts\/7993\/revisions\/8006"}],"wp:attachment":[{"href":"https:\/\/media-law.at\/index.php?rest_route=%2Fwp%2Fv2%2Fmedia&parent=7993"}],"wp:term":[{"taxonomy":"category","embeddable":true,"href":"https:\/\/media-law.at\/index.php?rest_route=%2Fwp%2Fv2%2Fcategories&post=7993"},{"taxonomy":"post_tag","embeddable":true,"href":"https:\/\/media-law.at\/index.php?rest_route=%2Fwp%2Fv2%2Ftags&post=7993"}],"curies":[{"name":"wp","href":"https:\/\/api.w.org\/{rel}","templated":true}]}}