{"id":7657,"date":"2025-05-09T11:42:46","date_gmt":"2025-05-09T11:42:46","guid":{"rendered":"https:\/\/media-law.at\/?p=7657"},"modified":"2025-05-09T11:42:48","modified_gmt":"2025-05-09T11:42:48","slug":"rausch-ja-krankheit-nein-ogh-zu-psychischen-erkrankungen-und-den-grenzen-der-haftung-nach-%c2%a7-1307-abgb","status":"publish","type":"post","link":"https:\/\/media-law.at\/?p=7657","title":{"rendered":"Rausch ja, Krankheit nein: OGH zu psychischen Erkrankungen und den Grenzen der Haftung nach \u00a7 1307 ABGB."},"content":{"rendered":"\n[et_pb_section fb_built=&#8220;1&#8243; theme_builder_area=&#8220;post_content&#8220; _builder_version=&#8220;4.27.0&#8243; _module_preset=&#8220;default&#8220;][et_pb_row _builder_version=&#8220;4.27.0&#8243; _module_preset=&#8220;default&#8220; theme_builder_area=&#8220;post_content&#8220;][et_pb_column _builder_version=&#8220;4.27.0&#8243; _module_preset=&#8220;default&#8220; type=&#8220;4_4&#8243; theme_builder_area=&#8220;post_content&#8220;][et_pb_text _builder_version=&#8220;4.27.0&#8243; _module_preset=&#8220;default&#8220; theme_builder_area=&#8220;post_content&#8220; hover_enabled=&#8220;0&#8243; sticky_enabled=&#8220;0&#8243;]<p>OGH-Entscheidung vom 11.4.2025, 4 Ob 107\/24z<\/p>\n<p>&nbsp;<\/p>\n<p><strong>Sachverhalt:<\/strong><\/p>\n<p>Ein Polizist (Kl\u00e4ger) wurde \u00fcber einen l\u00e4ngeren Zeitraum von einem psychisch kranken Mann (Beklagter) im Internet bel\u00e4stigt und verleumdet. Der Beklagte litt an paranoider Schizophrenie und einer kombinierten Pers\u00f6nlichkeitsst\u00f6rung. Seine Handlungen f\u00fchrten beim Kl\u00e4ger zu einer posttraumatischen Belastungsst\u00f6rung. Im Strafverfahren wurde festgestellt, dass der Beklagte die Taten in einem die Zurechnungsf\u00e4higkeit ausschlie\u00dfenden Zustand begangen hatte.<\/p>\n<p>Der Kl\u00e4ger klagte daraufhin auf Schadenersatz und st\u00fctzte sich dabei auf\u00a0\u00a7 1307 ABGB. Nach dieser Bestimmung haftet jemand auch dann f\u00fcr Sch\u00e4den, wenn er sich schuldhaft in einen &#8222;Zustand der Sinnesverwirrung&#8220; versetzt hat. Der Kl\u00e4ger argumentierte, der Beklagte habe seine psychische Erkrankung durch jahrelangen Drogen- und Alkoholmissbrauch sowie das eigenm\u00e4chtige Absetzen seiner Medikamente selbst verschuldet.<\/p>\n<p>&nbsp;<\/p>\n<p><strong>Entscheidung:<\/strong><\/p>\n<p>Das Erstgericht wies die Klage ohne Durchf\u00fchrung eines Beweisverfahrens ab. Das Berufungsgericht best\u00e4tigte diese Entscheidung. Es sei schon fraglich, ob eine psychische Erkrankung \u00fcberhaupt schuldhaft herbeigef\u00fchrt werden k\u00f6nne. \u00a7\u00a01307 ABGB umfasse aber keinesfalls einen derartigen Dauerzustand. Das Berufungsgericht erkl\u00e4rte die Revision f\u00fcr zul\u00e4ssig, weil die Frage, ob eine psychische Erkrankung des Sch\u00e4digers unter den Zustand der Sinnesverwirrung gem\u00e4\u00df \u00a7\u00a01307 ABGB zu subsumieren sei, eine \u00fcber den Einzelfall hinausgehende Bedeutung habe und vom Obersten Gerichtshof noch nicht beantwortet worden sei.<\/p>\n<p>Der OGH befand die Revision f\u00fcr nicht berechtigt und stellte klar, dass\u00a0\u00a7 1307 ABGB\u00a0eng auszulegen ist. Die Bestimmung erfasst nur <strong>vor\u00fcbergehende Zust\u00e4nde der Sinnesverwirrung<\/strong> wie etwa einen Rauschzustand, <strong>nicht aber dauerhafte psychische Erkrankungen<\/strong>. Dies ergibt sich aus der historischen Entwicklung der Norm sowie ihrem Zweck.<\/p>\n<p>Auch wenn der Beklagte durch Drogenmissbrauch oder das Absetzen von Medikamenten zu seiner Erkrankung <strong>beigetragen<\/strong> haben sollte, begr\u00fcndet dies keine Haftung nach\u00a0\u00a7 1307 ABGB. Die Norm setzt voraus, dass der Schaden <strong>unmittelbar<\/strong> in jenem vor\u00fcbergehenden Zustand verursacht wurde, in den sich der Sch\u00e4diger schuldhaft versetzt hat (zB im Rausch). Eine Haftung f\u00fcr Sch\u00e4den aufgrund einer (wenn auch selbst verschuldeten) dauerhaften psychischen Erkrankung w\u00fcrde den Anwendungsbereich der Bestimmung \u00fcberdehnen.<\/p>\n<p>Der OGH verwies auf die M\u00f6glichkeit einer Haftung nach\u00a0\u00a7 1310 ABGB, der Billigkeitserw\u00e4gungen bei unverschuldeter Sinnesverwirrung erm\u00f6glicht. Da der Kl\u00e4ger sich aber nicht auf diese Bestimmung gest\u00fctzt hatte, blieb es bei der Klagsabweisung.<\/p>\n<p>&nbsp;<\/p>\n<p>&nbsp;<\/p>\n<p><a href=\"https:\/\/www.ris.bka.gv.at\/Dokumente\/Justiz\/JJT_20250411_OGH0002_0040OB00107_24Z0000_000\/JJT_20250411_OGH0002_0040OB00107_24Z0000_000.html\" target=\"_blank\" rel=\"noopener\">Link zur Entscheidung<\/a><\/p>\n<p>&nbsp;<\/p>\n<p><strong>Weitere Blog-Beitr\u00e4ge:<\/strong><\/p>\n<p><a href=\"https:\/\/media-law.at\/?p=6866\">\u201eShitstorm\u201c: Opfer kann gesamten Schadenersatz im Wege der Solidarhaftung von einem der Sch\u00e4diger verlangen.<\/a><\/p>\n<p><a href=\"https:\/\/media-law.at\/?p=6314\">Foto von Polizeieinsatz mit unwahrem Begleittext auf Facebook: Kein Recht auf namentliche Nennung im Widerruf, wenn der Name im Posting nicht erw\u00e4hnt wurde.<\/a><\/p>\n<p><a href=\"https:\/\/media-law.at\/?p=1676\">TV-Bericht \u00fcber Polizisten \u2013 OGH best\u00e4tigt Rechtsprechung zum Bildnisschutz<\/a><\/p>\n<p><a href=\"https:\/\/media-law.at\/?p=7636\">Bildnisschutz und Solidarhaftung bei Medienberichterstattung.<\/a><\/p>\n<p><a href=\"https:\/\/media-law.at\/?p=7144\">\u00d6rtliche Zust\u00e4ndigkeit nach dem MedienG f\u00fcr rechtswidriges Facebook-Posting (Verfasser im Ausland)? Abrufbarkeit des Mediums im gesamten Bundesgebiet = Zust\u00e4ndigkeit s\u00e4mtlicher Landesgerichte.<\/a><\/p>\n<p><a href=\"https:\/\/media-law.at\/?p=6876\">OGH zur \u00f6rtlichen Zust\u00e4ndigkeit bei Verletzung eines Pers\u00f6nlichkeitsrechts in einem elektronischen Kommunikationsnetz<\/a><\/p>\n<p><a href=\"https:\/\/media-law.at\/?p=1957\">Neue OGH-Rechtsprechung zu Schadenersatzanspr\u00fcchen f\u00fcr Opfer von Stalking und sexueller Bel\u00e4stigung<\/a><\/p>\n<p><a href=\"https:\/\/media-law.at\/?p=4667\">Polizist verletzt sich bei Verfolgung eines Verd\u00e4chtigen: Fl\u00fcchtender haftet<\/a><\/p>[\/et_pb_text][\/et_pb_column][\/et_pb_row][\/et_pb_section]\n","protected":false},"excerpt":{"rendered":"<p>OGH-Entscheidung vom 11.4.2025, 4 Ob 107\/24z &nbsp; Sachverhalt: Ein Polizist (Kl\u00e4ger) wurde \u00fcber einen l\u00e4ngeren Zeitraum von einem psychisch kranken Mann (Beklagter) im Internet bel\u00e4stigt und verleumdet. Der Beklagte litt an paranoider Schizophrenie und einer kombinierten Pers\u00f6nlichkeitsst\u00f6rung. Seine Handlungen f\u00fchrten beim Kl\u00e4ger zu einer posttraumatischen Belastungsst\u00f6rung. Im Strafverfahren wurde festgestellt, dass der Beklagte die Taten [&hellip;]<\/p>\n","protected":false},"author":1,"featured_media":0,"comment_status":"closed","ping_status":"open","sticky":false,"template":"","format":"standard","meta":{"_et_pb_use_builder":"on","_et_pb_old_content":"","_et_gb_content_width":"","footnotes":""},"categories":[15,6],"tags":[4426,186,4427,324,4428],"class_list":["post-7657","post","type-post","status-publish","format-standard","hentry","category-persoenlichkeitsrechte","category-zivilrecht","tag-1307-abgb","tag-haftung","tag-psychische-erkrankung","tag-schadenersatz","tag-sinnesverwirrung"],"aioseo_notices":[],"_links":{"self":[{"href":"https:\/\/media-law.at\/index.php?rest_route=\/wp\/v2\/posts\/7657","targetHints":{"allow":["GET"]}}],"collection":[{"href":"https:\/\/media-law.at\/index.php?rest_route=\/wp\/v2\/posts"}],"about":[{"href":"https:\/\/media-law.at\/index.php?rest_route=\/wp\/v2\/types\/post"}],"author":[{"embeddable":true,"href":"https:\/\/media-law.at\/index.php?rest_route=\/wp\/v2\/users\/1"}],"replies":[{"embeddable":true,"href":"https:\/\/media-law.at\/index.php?rest_route=%2Fwp%2Fv2%2Fcomments&post=7657"}],"version-history":[{"count":4,"href":"https:\/\/media-law.at\/index.php?rest_route=\/wp\/v2\/posts\/7657\/revisions"}],"predecessor-version":[{"id":7661,"href":"https:\/\/media-law.at\/index.php?rest_route=\/wp\/v2\/posts\/7657\/revisions\/7661"}],"wp:attachment":[{"href":"https:\/\/media-law.at\/index.php?rest_route=%2Fwp%2Fv2%2Fmedia&parent=7657"}],"wp:term":[{"taxonomy":"category","embeddable":true,"href":"https:\/\/media-law.at\/index.php?rest_route=%2Fwp%2Fv2%2Fcategories&post=7657"},{"taxonomy":"post_tag","embeddable":true,"href":"https:\/\/media-law.at\/index.php?rest_route=%2Fwp%2Fv2%2Ftags&post=7657"}],"curies":[{"name":"wp","href":"https:\/\/api.w.org\/{rel}","templated":true}]}}