{"id":7614,"date":"2025-04-24T10:52:00","date_gmt":"2025-04-24T10:52:00","guid":{"rendered":"https:\/\/media-law.at\/?p=7614"},"modified":"2025-04-24T10:52:02","modified_gmt":"2025-04-24T10:52:02","slug":"pflicht-zum-tragen-eines-helms-beim-e-bike-ogh-zur-helmpflicht-bzw-helm-mitverschulden","status":"publish","type":"post","link":"https:\/\/media-law.at\/?p=7614","title":{"rendered":"Pflicht zum Tragen eines Helms beim E-Bike? OGH zur Helmpflicht bzw &#8222;Helm-Mitverschulden&#8220;."},"content":{"rendered":"\n[et_pb_section fb_built=&#8220;1&#8243; theme_builder_area=&#8220;post_content&#8220; _builder_version=&#8220;4.27.0&#8243; _module_preset=&#8220;default&#8220;][et_pb_row _builder_version=&#8220;4.27.0&#8243; _module_preset=&#8220;default&#8220; theme_builder_area=&#8220;post_content&#8220;][et_pb_column _builder_version=&#8220;4.27.0&#8243; _module_preset=&#8220;default&#8220; type=&#8220;4_4&#8243; theme_builder_area=&#8220;post_content&#8220;][et_pb_text _builder_version=&#8220;4.27.0&#8243; _module_preset=&#8220;default&#8220; theme_builder_area=&#8220;post_content&#8220; hover_enabled=&#8220;0&#8243; sticky_enabled=&#8220;0&#8243;]<p>OGH-Entscheidung vom 25.3.2025, 2 Ob 15\/25g<\/p>\n<p>&nbsp;<\/p>\n<p><strong>Sachverhalt:<\/strong><\/p>\n<p>Im Februar 2023 kam es zu einem Unfall zwischen einem E-Bike-Fahrer und einem PKW im Bereich eines Geh- und Radwegs bei einer Tankstellenzufahrt. Der E-Bike-Fahrer war ohne Helm mit 20-25 km\/h unterwegs, als der PKW-Lenker verbotswidrig die Tankstellenzufahrt als Ausfahrt benutzte. Trotz eingeschr\u00e4nkter Sicht wegen einer Hecke fuhr der PKW-Lenker langsam los. Bei der Kollision erlitt der E-Bike-Fahrer schwere Verletzungen im Kopf- und Gesichtsbereich. Ein Helm h\u00e4tte die Verletzungsfolgen um etwa ein F\u00fcnftel reduziert.<\/p>\n<p>&nbsp;<\/p>\n<p><strong>Entscheidung:<\/strong><\/p>\n<p>Das Erstgericht ging vom Alleinverschulden des Erstbeklagten am Zustandekommen des Unfalls aus und gab dem Zahlungsbegehren teilweise statt. Allerdings sei dem Kl\u00e4ger ein <strong>Mitverschulden<\/strong> von 20\u00a0% wegen <strong>Nichttragens des Fahrradhelms<\/strong> anzulasten. Er sei mit \u00fcberdurchschnittlicher Radfahrgeschwindigkeit unterwegs gewesen und unter E-Bike-Fahrern bestehe mittlerweile ein allgemeines Bewusstsein zum Tragen eines Helms. Auf dieser Grundlage k\u00fcrzte das Erstgericht alle Anspr\u00fcche des Kl\u00e4gers um die angenommene Mitverschuldensquote.<\/p>\n<p>Das Berufungsgericht sprach dem Kl\u00e4ger h\u00f6heren Schadenersatz zu und verneinte ein Mitverschulden des Kl\u00e4gers wegen des Nichttragens eines Helms.<\/p>\n<p>Der OGH gab der Revision der Beklagten teilweise Folge und <strong>bejahte beim E-Bike-Fahren eine Obliegenheit zum Tragen eines Helms<\/strong>. Jedenfalls ab dem Jahr\u00a02023 ist das Nichttragen eines Fahrradhelms beim E-Bike-Fahren als <strong>Sorglosigkeit in eigenen Angelegenheiten<\/strong> iSd \u00a7\u00a01304 ABGB zu werten. Dies gilt <strong>auch ohne gesetzliche Helmpflicht<\/strong> f\u00fcr Erwachsene.<\/p>\n<p>Begr\u00fcndet hat der OGH dies damit, dass E-Bikes gegen\u00fcber normalen Fahrr\u00e4dern bauliche Besonderheiten aufweisen (h\u00f6heres Gewicht, Motorkraftverst\u00e4rkung), die einen h\u00f6heren Sorgfaltsma\u00dfstab rechtfertigen. Die h\u00f6here Unfallh\u00e4ufigkeit und die gestiegene Helmtragequote bei E-Bike-Fahrern (62%) zeigen, dass sich in der Bev\u00f6lkerung ein allgemeines Bewusstsein f\u00fcr die Wichtigkeit des Helmtragens beim E-Bike-Fahren entwickelt hat.<\/p>\n<p>F\u00fcr die Schadenersatzberechnung bedeutet dies: Das Nichtragen eines Helms wirkt sich nur auf den Schmerzengeldanspruch aus, nicht aber auf andere Schadenspositionen wie Heilungskosten oder Sachsch\u00e4den. Im konkreten Fall wurde das Schmerzengeld um 600 EUR (ein F\u00fcnftel von 3.000 EUR) gek\u00fcrzt.<\/p>\n<p>&nbsp;<\/p>\n<p>&nbsp;<\/p>\n<p><a href=\"https:\/\/www.ris.bka.gv.at\/Dokumente\/Justiz\/JJT_20250325_OGH0002_0020OB00015_25G0000_000\/JJT_20250325_OGH0002_0020OB00015_25G0000_000.html\" target=\"_blank\" rel=\"noopener\">Link zur Entscheidung<\/a><\/p>\n<p>&nbsp;<\/p>\n<p><strong>Weitere Blog-Beitr\u00e4ge zum Thema Unf\u00e4lle:<\/strong><\/p>\n<p><a href=\"https:\/\/media-law.at\/?p=5857\">Radfahrer st\u00f6\u00dft auf Privatweg mit Fu\u00dfg\u00e4ngerin zusammen: Kein \u201eRechtsgehgebot\u201c. Radfahrer muss Warnzeichen (klingeln, rufen) geben.<\/a><\/p>\n<p><a href=\"https:\/\/media-law.at\/?p=7305\">Sturz mit E-Scooter am Weg zur Arbeit: \u201eTrendsportger\u00e4te\u201c gew\u00e4hrleisten kein sicheres Fahren. Kein Anspruch auf Versehrtenrente.<\/a><\/p>\n<p><a href=\"https:\/\/media-law.at\/?p=7240\">T\u00f6dlicher Unfall auf der Hochzeitsreise: Identit\u00e4t der Opfer kommt kein eigener Nachrichtenwert zu. Urteilsver\u00f6ffentlichung kann falsche Eindr\u00fccke beseitigen.<\/a><\/p>\n<p><a href=\"https:\/\/media-law.at\/?p=6774\">\u201eImmer wieder t\u00f6dliche Unf\u00e4lle\u201c mit Fiakern: Falsche Darstellung von Fakten ist kein Werturteil.<\/a><\/p>\n<p><a href=\"https:\/\/media-law.at\/?p=6722\">Motorradunfall bei Fahrtechniktraining ohne Lenkberechtigung. Versicherer aufgrund \u201eF\u00fchrerscheinklausel\u201c leistungsfrei.<\/a><\/p>\n<p><a href=\"https:\/\/media-law.at\/?p=6367\">Unfalltod des besten Freundes: Neue Rechtsprechung zum Ersatz von Schocksch\u00e4den. Schadenersatz wegen \u201equalifizierter Unfallbeteiligung\u201c, jedoch nicht wegen Angeh\u00f6rigeneigenschaft.<\/a><\/p>\n<p><a href=\"https:\/\/media-law.at\/?p=6329\">Einst\u00fcndiges Ausharren auf vereistem Sessellift = Unfall beim Betrieb einer Sesselbahn. Haftung des Betreibers bejaht.<\/a><\/p>\n<p><a href=\"https:\/\/media-law.at\/?p=5266\">Neue OGH-Urteile zu den Grenzen privater Haftpflicht- und Unfallversicherungen<\/a><\/p>\n<p><a href=\"https:\/\/media-law.at\/?p=4921\">Treppensturz im Homeoffice = Dienstunfall<\/a><\/p>\n<p><a href=\"https:\/\/media-law.at\/?p=4041\">Schiunfall in \u201eFun Park\u201c: Welche Sicherungspflichten treffen Pistenbetreiber?<\/a><\/p>\n<p><a href=\"https:\/\/media-law.at\/?p=3880\">OGH verneint Anspruch auf Trauerschmerzengeld bei unfallbedingtem Verlust eines Haustieres<\/a><\/p>\n<p><a href=\"https:\/\/media-law.at\/?p=3729\">Schiunfall auf Zeitmesstrecke: Riskante Fahrweise ist zu erwarten, Sorgfaltsanforderungen sind daher herabgesetzt<\/a><\/p>\n<p><a href=\"https:\/\/media-law.at\/?p=3393\">Reitpferd wird nach Unfall zu \u201ePflegefall\u201c. OGH bejaht Haftung f\u00fcr zuk\u00fcnftige Sch\u00e4den, denn auch Tiere ohne \u201ewirtschaftlichen Wert\u201c d\u00fcrfen leben und behandelt werden.<\/a><\/p>\n<p><a href=\"https:\/\/media-law.at\/?p=3375\">Kind verursacht Schiunfall. Wann haften Eltern f\u00fcr die Folgen? (Verletzung der Aufsichtspflicht)<\/a><\/p>[\/et_pb_text][\/et_pb_column][\/et_pb_row][\/et_pb_section]\n","protected":false},"excerpt":{"rendered":"<p>OGH-Entscheidung vom 25.3.2025, 2 Ob 15\/25g &nbsp; Sachverhalt: Im Februar 2023 kam es zu einem Unfall zwischen einem E-Bike-Fahrer und einem PKW im Bereich eines Geh- und Radwegs bei einer Tankstellenzufahrt. Der E-Bike-Fahrer war ohne Helm mit 20-25 km\/h unterwegs, als der PKW-Lenker verbotswidrig die Tankstellenzufahrt als Ausfahrt benutzte. Trotz eingeschr\u00e4nkter Sicht wegen einer Hecke [&hellip;]<\/p>\n","protected":false},"author":1,"featured_media":0,"comment_status":"closed","ping_status":"open","sticky":false,"template":"","format":"standard","meta":{"_et_pb_use_builder":"on","_et_pb_old_content":"","_et_gb_content_width":"","footnotes":""},"categories":[6],"tags":[4416,3806,4415,1363,324,330,4417,1481],"class_list":["post-7614","post","type-post","status-publish","format-standard","hentry","category-zivilrecht","tag-e-bike","tag-fahrrad","tag-helmpflicht","tag-mitverschulden","tag-schadenersatz","tag-schmerzengeld","tag-sorglosigkeit","tag-unfall"],"aioseo_notices":[],"_links":{"self":[{"href":"https:\/\/media-law.at\/index.php?rest_route=\/wp\/v2\/posts\/7614","targetHints":{"allow":["GET"]}}],"collection":[{"href":"https:\/\/media-law.at\/index.php?rest_route=\/wp\/v2\/posts"}],"about":[{"href":"https:\/\/media-law.at\/index.php?rest_route=\/wp\/v2\/types\/post"}],"author":[{"embeddable":true,"href":"https:\/\/media-law.at\/index.php?rest_route=\/wp\/v2\/users\/1"}],"replies":[{"embeddable":true,"href":"https:\/\/media-law.at\/index.php?rest_route=%2Fwp%2Fv2%2Fcomments&post=7614"}],"version-history":[{"count":5,"href":"https:\/\/media-law.at\/index.php?rest_route=\/wp\/v2\/posts\/7614\/revisions"}],"predecessor-version":[{"id":7619,"href":"https:\/\/media-law.at\/index.php?rest_route=\/wp\/v2\/posts\/7614\/revisions\/7619"}],"wp:attachment":[{"href":"https:\/\/media-law.at\/index.php?rest_route=%2Fwp%2Fv2%2Fmedia&parent=7614"}],"wp:term":[{"taxonomy":"category","embeddable":true,"href":"https:\/\/media-law.at\/index.php?rest_route=%2Fwp%2Fv2%2Fcategories&post=7614"},{"taxonomy":"post_tag","embeddable":true,"href":"https:\/\/media-law.at\/index.php?rest_route=%2Fwp%2Fv2%2Ftags&post=7614"}],"curies":[{"name":"wp","href":"https:\/\/api.w.org\/{rel}","templated":true}]}}