{"id":7171,"date":"2024-11-05T13:14:15","date_gmt":"2024-11-05T13:14:15","guid":{"rendered":"https:\/\/media-law.at\/?p=7171"},"modified":"2024-11-05T13:14:17","modified_gmt":"2024-11-05T13:14:17","slug":"kommerzielle-nutzung-nicht-von-creative-commons-lizenz-umfasst-urheberrechtsverletzung-durch-tv-beitrag","status":"publish","type":"post","link":"https:\/\/media-law.at\/?p=7171","title":{"rendered":"Kommerzielle Nutzung nicht von \u201eCreative Commons\u201c-Lizenz umfasst: Urheberrechtsverletzung durch TV-Beitrag"},"content":{"rendered":"\n[et_pb_section fb_built=&#8220;1&#8243; theme_builder_area=&#8220;post_content&#8220; _builder_version=&#8220;4.27.0&#8243; _module_preset=&#8220;default&#8220;][et_pb_row _builder_version=&#8220;4.27.0&#8243; _module_preset=&#8220;default&#8220; theme_builder_area=&#8220;post_content&#8220;][et_pb_column _builder_version=&#8220;4.27.0&#8243; _module_preset=&#8220;default&#8220; type=&#8220;4_4&#8243; theme_builder_area=&#8220;post_content&#8220;][et_pb_text _builder_version=&#8220;4.27.0&#8243; _module_preset=&#8220;default&#8220; theme_builder_area=&#8220;post_content&#8220; hover_enabled=&#8220;0&#8243; sticky_enabled=&#8220;0&#8243;]<p>OLG Wien-Entscheidung vom 17.9.2024, 33 R 50\/24a<\/p>\n<p>&nbsp;<\/p>\n<p><strong>Sachverhalt:<\/strong><\/p>\n<p>Der Kl\u00e4ger ist freier Fotojournalist und Urheber eines Fotos, das Personen bei einer politischen Versammlung zeigt. Der Kl\u00e4ger stellt seine fotografischen Werke einem Medienprojekt von Journalisten zur Verf\u00fcgung (\u201ePresseservice Wien\u201c). Dieses ver\u00f6ffentlicht die Fotos auf seiner eigenen Website und erm\u00f6glicht Medien auf Grundlage einer \u201eCreative Commons\u201c-Lizenz und unter der Voraussetzung der Namensnennung unentgeltlich seine nicht kommerzielle Nutzung.<\/p>\n<p>Die Beklagte ist Medieninhaberin eines privaten Rundfunksenders inkl. Website und App. Die Beklagte nutzte das streitgegenst\u00e4ndliche Foto in einer Sendung, wo es innerhalb von zwei Minuten f\u00fcnf Mal eingeblendet wurde. Das Bild war in weiterer Folge auch auf Website und App verf\u00fcgbar. Als Quelle wurde immer \u201ePresseservice Wien\u201c ausgewiesen. In der Sendung wurde Werbung gezeigt.<\/p>\n<p>Der Kl\u00e4ger klagte auf Unterlassung, Zahlung von angemessenem Entgelt und Schadenersatz sowie Urteilsver\u00f6ffentlichung.<\/p>\n<p>&nbsp;<\/p>\n<p><strong>Entscheidung:<\/strong><\/p>\n<p>Das Erstgericht gab der Klage statt. Rechtlich es Erstgericht zu dem Ergebnis, dass Dritte das dem \u201ePresseservice Wien\u201c zur Verf\u00fcgung gestellte Lichtbild im Rahmen einer \u201eCreative Commons\u201c-Lizenz vervielf\u00e4ltigen, bearbeiten und \u00f6ffentlich wiedergeben und verbreiten d\u00fcrften. Die hier erfolgte kommerzielle Nutzung durch die Beklagte sei von dieser Rechteeinr\u00e4umung jedoch nicht umfasst, sodass die <strong>Nutzung rechtswidrig<\/strong> gewesen sei.<\/p>\n<p>Der Berufung der Beklagten wurde vom OLG Wien nicht Folge gegeben. Es stimmte dem Erstgericht darin zu, dass die Beklagte das <strong>Lichtbild des Kl\u00e4gers kommerziell und damit nicht im Rahmen der vom \u201ePresseservice Wien\u201c erteilten Nutzungsbewilligung verwendet<\/strong> hat:<\/p>\n<p>Die Beklagte bediente sie sich unmittelbar der durch den Sendungsinhalt und damit <strong>auch durch das Lichtbild erzeugten Aufmerksamkeit<\/strong> zur Schaffung von <strong>f\u00fcr Werbekunden attraktiven Voraussetzungen<\/strong>. Die Beurteilung dieser Nutzung als kommerziell beruht nicht auf einer extensiven Auslegung der \u00fcber den \u201ePresseservice Wien\u201c erm\u00f6glichten nicht kommerziellen Nutzung: Die in den Nutzungsbedingungen festgeschriebene nicht kommerzielle Nutzung <strong>bietet keinen Raum f\u00fcr eine Interpretation<\/strong>, nach der auch die Nutzung des Lichtbilds im Rahmen von Sendungen und Ver\u00f6ffentlichungen umfasst ist, die gleichzeitig auch eine Plattform f\u00fcr die Erzielung von Werbeeinnahmen bieten.<\/p>\n<p>Diese Auslegung bedeute nicht, dass jede Lichtbildnutzung im Rahmen journalistischer Berichterstattung kommerziell w\u00e4re. Es sind <strong>verschiedene Arten nicht kommerzieller Medienberichterstattung denkbar<\/strong>, wobei die Lizenz nicht-kommerziellen Projekten die kostenfreie Verwendung der Fotos erm\u00f6gliche und f\u00fcr eine kommerzielle Nutzung um Kontaktaufnahme ersucht werde. Die Nutzung des Fotos durch die Verwendung im Rahmen einer kritischen Informationssendung mache diese nicht automatisch zu einer \u201enicht kommerziellen\u201c.<\/p>\n<p>&nbsp;<\/p>\n<p>&nbsp;<\/p>\n<p><a href=\"https:\/\/www.ris.bka.gv.at\/Dokumente\/Justiz\/JJT_20240917_OLG0009_03300R00050_24A0000_000\/JJT_20240917_OLG0009_03300R00050_24A0000_000.html\" target=\"_blank\" rel=\"noopener\">Link zur Entscheidung<\/a><\/p>\n<p>&nbsp;<\/p>\n<p><strong>Weitere Blog-Beitr\u00e4ge zum Thema Urheberrechtsverletzung:<\/strong><\/p>\n<p><a href=\"https:\/\/media-law.at\/?p=6981\">Video unter Verweis auf Creative Commons-Lizenz ver\u00f6ffentlicht. ORF nutzte es \u201ekommerziell\u201c. Urheberrechtsverletzung. Kein Bildzitat.<\/a><\/p>\n<p><a href=\"https:\/\/media-law.at\/?p=7150\">BGH: Luftbildaufnahmen urheberrechtlich gesch\u00fctzter Werke mittels Drohne unterfallen nicht der Panoramafreiheit.<\/a><\/p>\n<p><a href=\"https:\/\/media-law.at\/?p=6989\">BGH zur urheberrechtlichen Zul\u00e4ssigkeit der Nutzung von Abbildungen einer Fototapete.<\/a><\/p>\n<p><a href=\"https:\/\/media-law.at\/?p=6549\">Berichterstattung \u00fcber Tagesereignisse: Medienunternehmen darf Fotos von Social Media-Nutzern nicht zustimmungslos verwenden. Keine freie Werknutzung.<\/a><\/p>\n<p><a href=\"https:\/\/media-law.at\/?p=6840\">Abbildung historischer Postkarte aus Philatelisten-Festschrift zustimmungslos in Buch ver\u00f6ffentlicht. Reproduktionsfoto ist Lichtbild iSd UrhG. Leistungsschutzrechte verletzt.<\/a><\/p>\n<p><a href=\"https:\/\/media-law.at\/?p=2981\">Aufkl\u00e4rendes Bildzitat bei legitimer Kritik an Berichterstattung eines Mediums zul\u00e4ssig<\/a><\/p>\n<p><a href=\"https:\/\/media-law.at\/?p=5242\">Aufruf zu Gegendemonstration: Verwendung eines Politikerfotos als \u201eBildzitat\u201c gerechtfertigt.<\/a><\/p>\n<p><a href=\"https:\/\/media-law.at\/?p=3929\">\u201eStinkefinger-Foto\u201c: FP\u00d6 verletzt Werknutzungsrecht von Sigrid Maurer. Kein Bildzitat mangels Auseinandersetzung mit \u00fcbernommenem Foto.<\/a><\/p>\n<p><a href=\"https:\/\/media-law.at\/?p=3398\">Naturmotiv statt Raucherfoto: Wenn Politiker zur Optimierung ihrer medialen Darstellung Hintergrundbilder retuschieren, ist die Ver\u00f6ffentlichung dieser Fotos als Bildzitat zul\u00e4ssig.<\/a><\/p>\n<p><a href=\"https:\/\/media-law.at\/?p=2245\">Urheberrechtsverletzung durch Einblendung eines Fotos in TV-Doku: Neue OGH-Judikatur zum \u201eBildzitat\u201c und \u201eunwesentlichen Beiwerk\u201c<\/a><\/p>\n<p><a href=\"https:\/\/media-law.at\/?p=5772\">Parlamentsklub haftet f\u00fcr Urheberrechtsverletzung des Fraktionsf\u00fchrers. Recht auf freie Werknutzung umfasst keine Pressekonferenz einer politischen Partei.<\/a><\/p>\n<p><a href=\"https:\/\/media-law.at\/?p=4826\">krone.at verwendet Ausschnitte von \u201eFP\u00d6 TV\u201c: Urheberrechtsverletzung aufgrund undeutlicher Herstellerbezeichnung<\/a><\/p>\n<p><a href=\"https:\/\/media-law.at\/?p=4198\">Schl\u00fcssige Einr\u00e4umung von Werknutzungsrechten und Verzicht auf Urheberbezeichnung<\/a><\/p>\n<p><a href=\"https:\/\/media-law.at\/?p=6084\">Suchmeldung von Kulturgut in Lost Art-Datenbank: BGH verneint Eigentumsbeeintr\u00e4chtigung.<\/a><\/p>[\/et_pb_text][\/et_pb_column][\/et_pb_row][\/et_pb_section]\n","protected":false},"excerpt":{"rendered":"<p>OLG Wien-Entscheidung vom 17.9.2024, 33 R 50\/24a &nbsp; Sachverhalt: Der Kl\u00e4ger ist freier Fotojournalist und Urheber eines Fotos, das Personen bei einer politischen Versammlung zeigt. Der Kl\u00e4ger stellt seine fotografischen Werke einem Medienprojekt von Journalisten zur Verf\u00fcgung (\u201ePresseservice Wien\u201c). Dieses ver\u00f6ffentlicht die Fotos auf seiner eigenen Website und erm\u00f6glicht Medien auf Grundlage einer \u201eCreative Commons\u201c-Lizenz [&hellip;]<\/p>\n","protected":false},"author":1,"featured_media":0,"comment_status":"closed","ping_status":"open","sticky":false,"template":"","format":"standard","meta":{"_et_pb_use_builder":"on","_et_pb_old_content":"","_et_gb_content_width":"","footnotes":""},"categories":[13],"tags":[4237,4291,384],"class_list":["post-7171","post","type-post","status-publish","format-standard","hentry","category-urheberrecht","tag-creative-commons","tag-kommerzielle-nutzung","tag-urheberrechtsverletzung"],"aioseo_notices":[],"_links":{"self":[{"href":"https:\/\/media-law.at\/index.php?rest_route=\/wp\/v2\/posts\/7171","targetHints":{"allow":["GET"]}}],"collection":[{"href":"https:\/\/media-law.at\/index.php?rest_route=\/wp\/v2\/posts"}],"about":[{"href":"https:\/\/media-law.at\/index.php?rest_route=\/wp\/v2\/types\/post"}],"author":[{"embeddable":true,"href":"https:\/\/media-law.at\/index.php?rest_route=\/wp\/v2\/users\/1"}],"replies":[{"embeddable":true,"href":"https:\/\/media-law.at\/index.php?rest_route=%2Fwp%2Fv2%2Fcomments&post=7171"}],"version-history":[{"count":4,"href":"https:\/\/media-law.at\/index.php?rest_route=\/wp\/v2\/posts\/7171\/revisions"}],"predecessor-version":[{"id":7176,"href":"https:\/\/media-law.at\/index.php?rest_route=\/wp\/v2\/posts\/7171\/revisions\/7176"}],"wp:attachment":[{"href":"https:\/\/media-law.at\/index.php?rest_route=%2Fwp%2Fv2%2Fmedia&parent=7171"}],"wp:term":[{"taxonomy":"category","embeddable":true,"href":"https:\/\/media-law.at\/index.php?rest_route=%2Fwp%2Fv2%2Fcategories&post=7171"},{"taxonomy":"post_tag","embeddable":true,"href":"https:\/\/media-law.at\/index.php?rest_route=%2Fwp%2Fv2%2Ftags&post=7171"}],"curies":[{"name":"wp","href":"https:\/\/api.w.org\/{rel}","templated":true}]}}