{"id":6981,"date":"2024-09-09T19:31:39","date_gmt":"2024-09-09T19:31:39","guid":{"rendered":"https:\/\/media-law.at\/?p=6981"},"modified":"2024-09-09T19:31:40","modified_gmt":"2024-09-09T19:31:40","slug":"video-unter-verweis-auf-creative-commons-lizenz-veroeffentlicht-orf-nutzte-es-kommerziell-urheberrechtsverletzung-kein-bildzitat","status":"publish","type":"post","link":"https:\/\/media-law.at\/?p=6981","title":{"rendered":"Video unter Verweis auf Creative Commons-Lizenz ver\u00f6ffentlicht. ORF nutzte es &#8222;kommerziell&#8220;. Urheberrechtsverletzung. Kein Bildzitat."},"content":{"rendered":"\n[et_pb_section fb_built=&#8220;1&#8243; theme_builder_area=&#8220;post_content&#8220; _builder_version=&#8220;4.25.0&#8243; _module_preset=&#8220;default&#8220;][et_pb_row _builder_version=&#8220;4.25.0&#8243; _module_preset=&#8220;default&#8220; theme_builder_area=&#8220;post_content&#8220;][et_pb_column _builder_version=&#8220;4.25.0&#8243; _module_preset=&#8220;default&#8220; type=&#8220;4_4&#8243; theme_builder_area=&#8220;post_content&#8220;][et_pb_text _builder_version=&#8220;4.25.0&#8243; _module_preset=&#8220;default&#8220; theme_builder_area=&#8220;post_content&#8220; hover_enabled=&#8220;0&#8243; sticky_enabled=&#8220;0&#8243;]<p>OGH-Entscheidung vom 27.8.2024, 4 Ob 125\/24x<\/p>\n<p>&nbsp;<\/p>\n<p><strong>Sachverhalt:<\/strong><\/p>\n<p>Der Kl\u00e4ger ist freier Journalist und besucht regelm\u00e4\u00dfig Demonstrationen und dokumentiert diese mit Bild- und Tonaufnahmen auf professionelle Weise. Im Zuge einer Demonstration bildete sich eine Gegendemonstration. Die Teilnehmer der Gegendemonstration kamen dem Verlangen der Polizei, Abstand zur Demonstration zu halten nicht nach, worauf die Polizei gegen die Gegendemonstranten Pfefferspray einsetzte. Das wurde vom Kl\u00e4ger gefilmt. Der Kl\u00e4ger ver\u00f6ffentlichte einen Ausschnitt des Videos und einen Screenshot auf seinem Twitter-Account. Dies unter Verweis auf die Lizenzregeln \u201e<em>Creative Commons-Lizenz CC BY-NC 4.0.<\/em>\u201c, wonach das Material f\u00fcr nicht kommerzielle Zwecke unter Anf\u00fchrung des Erstellers verwendet werden d\u00fcrfe.<\/p>\n<p>Der ORF ver\u00f6ffentlichte in mehreren Nachrichtensendungen Ausschnitte und stellte die Berichte auf seiner Website zum Abruf bereit. Weiters ver\u00f6ffentlichte der Beklagte \u00fcber den Polizeieinsatz auch Artikel auf seiner Website samt Videobeitrag. Bei den Beitr\u00e4gen wurde der Kl\u00e4ger als Urheber \u00fcberwiegend nicht angef\u00fchrt.<\/p>\n<p>Der Kl\u00e4ger klagte auf Unterlassung und Auskunft (Stufenklage) sowie Zahlung von angemessenem Entgelt sowie Schadenersatz.<\/p>\n<p>&nbsp;<\/p>\n<p><strong>Entscheidung:<\/strong><\/p>\n<p>Die Vorinstanzen gaben dem Unterlassungsbegehren zur G\u00e4nze und dem Zahlungsbegehren teilweise (EUR 2.020) statt. Der OGH wies die au\u00dferordentliche Revision des Beklagten zur\u00fcck.<\/p>\n<p>Der OGH erachtete die Ansicht der Vorinstanzen f\u00fcr vertretbar, wonach der ORF das Video des Kl\u00e4gers <strong>\u201ekommerziell\u201c genutzt<\/strong> habe. Auch ein Verweis des ORF auf \u00a7\u00a042f UrhG blieb ohne Erfolg. F\u00fcr die Zul\u00e4ssigkeit der Ver\u00f6ffentlichung eines Lichtbildes (auch eines Filmes) als <strong>Bildzitat<\/strong> \u2013 auch unter Ber\u00fccksichtigung von Art 10 EMRK <strong><a href=\"https:\/\/media-law.at\/?p=5242\">wie zB HIER<\/a><\/strong> \u2013 ist Voraussetzung, dass das in einem Bericht <strong>wiedergegebene Werk Zitat- und Belegfunktion<\/strong> hat. Es reicht nicht aus, dass die Ver\u00f6ffentlichung des Werkes nur dazu diente, die Berichterstattung des Nutzers zu illustrieren, um so die Aufmerksamkeit der Leser auf den Bericht zu lenken (siehe <strong><a href=\"https:\/\/media-law.at\/?p=6840\">HIER<\/a><\/strong>\u00a0im Blog). Ein nach \u00a7\u00a042f UrhG zul\u00e4ssiges Zitat muss vielmehr erkennbar der Auseinandersetzung mit dem \u00fcbernommenen Werk dienen. Die Zitierfreiheit darf nicht dazu f\u00fchren, dass der wirtschaftliche Wert des zitierten Werks in einer ins Gewicht fallenden Weise ausgeh\u00f6hlt wird.<\/p>\n<p>Die Verwendung des Videos in der Berichterstattung der Beklagten erfolgte im Anlassfall nicht ansatzweise zu diesen Zwecken. <strong>Ein zul\u00e4ssiges Bildzitat iSd \u00a042f UrhG lag daher nicht vor.<\/strong><\/p>\n<p>Der OGH hat sich zuletzt <strong><a href=\"https:\/\/media-law.at\/?p=6549\">in DIESER Entscheidung<\/a><\/strong> mit der Frage auseinandergesetzt, ob aus <strong>\u00a7\u00a042c UrhG<\/strong> eine allgemeine Rechtfertigung f\u00fcr die Verwertung von Lichtbildern, die <strong>Tagesereignisse<\/strong> zeigen oder damit in Zusammenhang stehen, abgeleitet werden kann. Dem lag zugrunde, dass der auch hier beklagte Rundfunk in einem Bericht \u00fcber ein Ereignis Lichtbilder ohne Zustimmung des Urhebers verwendete. Der OGH hat die dort von den Vorinstanzen verneinte Anwendung des \u00a7\u00a042c UrhG unter Ber\u00fccksichtigung seiner bisherigen Rechtsprechung als nicht korrekturbed\u00fcrftig gesehen.<\/p>\n<p>&nbsp;<\/p>\n<p>&nbsp;<\/p>\n<p><a href=\"https:\/\/www.ris.bka.gv.at\/Dokumente\/Justiz\/JJT_20240827_OGH0002_0040OB00125_24X0000_000\/JJT_20240827_OGH0002_0040OB00125_24X0000_000.html\" target=\"_blank\" rel=\"noopener\">Link zur Entscheidung<\/a><\/p>\n<p>&nbsp;<\/p>\n<p><strong>Weitere Blog-Beitr\u00e4ge zum Thema Urheberrechtsverletzung durch Verwendung von Fotos:<\/strong><\/p>\n<p><a href=\"https:\/\/media-law.at\/?p=6549\">Berichterstattung \u00fcber Tagesereignisse: Medienunternehmen darf Fotos von Social Media-Nutzern nicht zustimmungslos verwenden. Keine freie Werknutzung.<\/a><\/p>\n<p><a href=\"https:\/\/media-law.at\/?p=6840\">Abbildung historischer Postkarte aus Philatelisten-Festschrift zustimmungslos in Buch ver\u00f6ffentlicht. Reproduktionsfoto ist Lichtbild iSd UrhG. Leistungsschutzrechte verletzt.<\/a><\/p>\n<p><a href=\"https:\/\/media-law.at\/?p=2981\">Aufkl\u00e4rendes Bildzitat bei legitimer Kritik an Berichterstattung eines Mediums zul\u00e4ssig<\/a><\/p>\n<p><a href=\"https:\/\/media-law.at\/?p=5242\">Aufruf zu Gegendemonstration: Verwendung eines Politikerfotos als \u201eBildzitat\u201c gerechtfertigt.<\/a><\/p>\n<p><a href=\"https:\/\/media-law.at\/?p=3929\">\u201eStinkefinger-Foto\u201c: FP\u00d6 verletzt Werknutzungsrecht von Sigrid Maurer. Kein Bildzitat mangels Auseinandersetzung mit \u00fcbernommenem Foto.<\/a><\/p>\n<p><a href=\"https:\/\/media-law.at\/?p=3398\">Naturmotiv statt Raucherfoto: Wenn Politiker zur Optimierung ihrer medialen Darstellung Hintergrundbilder retuschieren, ist die Ver\u00f6ffentlichung dieser Fotos als Bildzitat zul\u00e4ssig.<\/a><\/p>\n<p><a href=\"https:\/\/media-law.at\/?p=2245\">Urheberrechtsverletzung durch Einblendung eines Fotos in TV-Doku: Neue OGH-Judikatur zum \u201eBildzitat\u201c und \u201eunwesentlichen Beiwerk\u201c<\/a><\/p>\n<p><a href=\"https:\/\/media-law.at\/?p=5772\">Parlamentsklub haftet f\u00fcr Urheberrechtsverletzung des Fraktionsf\u00fchrers. Recht auf freie Werknutzung umfasst keine Pressekonferenz einer politischen Partei.<\/a><\/p>\n<p><a href=\"https:\/\/media-law.at\/?p=4826\">krone.at verwendet Ausschnitte von \u201eFP\u00d6 TV\u201c: Urheberrechtsverletzung aufgrund undeutlicher Herstellerbezeichnung<\/a><\/p>\n<p><a href=\"https:\/\/media-law.at\/?p=4198\">Schl\u00fcssige Einr\u00e4umung von Werknutzungsrechten und Verzicht auf Urheberbezeichnung<\/a><\/p>\n<p><a href=\"https:\/\/media-law.at\/?p=6084\">Suchmeldung von Kulturgut in Lost Art-Datenbank: BGH verneint Eigentumsbeeintr\u00e4chtigung.<\/a><\/p>[\/et_pb_text][\/et_pb_column][\/et_pb_row][\/et_pb_section]\n","protected":false},"excerpt":{"rendered":"<p>OGH-Entscheidung vom 27.8.2024, 4 Ob 125\/24x &nbsp; Sachverhalt: Der Kl\u00e4ger ist freier Journalist und besucht regelm\u00e4\u00dfig Demonstrationen und dokumentiert diese mit Bild- und Tonaufnahmen auf professionelle Weise. Im Zuge einer Demonstration bildete sich eine Gegendemonstration. Die Teilnehmer der Gegendemonstration kamen dem Verlangen der Polizei, Abstand zur Demonstration zu halten nicht nach, worauf die Polizei gegen [&hellip;]<\/p>\n","protected":false},"author":1,"featured_media":0,"comment_status":"closed","ping_status":"open","sticky":false,"template":"","format":"standard","meta":{"_et_pb_use_builder":"on","_et_pb_old_content":"","_et_gb_content_width":"","footnotes":""},"categories":[572,13],"tags":[1344,4237,283,384,1962,1986,1985],"class_list":["post-6981","post","type-post","status-publish","format-standard","hentry","category-internetrecht","category-urheberrecht","tag-bildzitat","tag-creative-commons","tag-orf","tag-urheberrechtsverletzung","tag-video","tag--42c-urhg","tag--42f-urhg"],"aioseo_notices":[],"_links":{"self":[{"href":"https:\/\/media-law.at\/index.php?rest_route=\/wp\/v2\/posts\/6981","targetHints":{"allow":["GET"]}}],"collection":[{"href":"https:\/\/media-law.at\/index.php?rest_route=\/wp\/v2\/posts"}],"about":[{"href":"https:\/\/media-law.at\/index.php?rest_route=\/wp\/v2\/types\/post"}],"author":[{"embeddable":true,"href":"https:\/\/media-law.at\/index.php?rest_route=\/wp\/v2\/users\/1"}],"replies":[{"embeddable":true,"href":"https:\/\/media-law.at\/index.php?rest_route=%2Fwp%2Fv2%2Fcomments&post=6981"}],"version-history":[{"count":4,"href":"https:\/\/media-law.at\/index.php?rest_route=\/wp\/v2\/posts\/6981\/revisions"}],"predecessor-version":[{"id":6985,"href":"https:\/\/media-law.at\/index.php?rest_route=\/wp\/v2\/posts\/6981\/revisions\/6985"}],"wp:attachment":[{"href":"https:\/\/media-law.at\/index.php?rest_route=%2Fwp%2Fv2%2Fmedia&parent=6981"}],"wp:term":[{"taxonomy":"category","embeddable":true,"href":"https:\/\/media-law.at\/index.php?rest_route=%2Fwp%2Fv2%2Fcategories&post=6981"},{"taxonomy":"post_tag","embeddable":true,"href":"https:\/\/media-law.at\/index.php?rest_route=%2Fwp%2Fv2%2Ftags&post=6981"}],"curies":[{"name":"wp","href":"https:\/\/api.w.org\/{rel}","templated":true}]}}