{"id":6298,"date":"2023-12-18T11:22:17","date_gmt":"2023-12-18T11:22:17","guid":{"rendered":"https:\/\/media-law.at\/?p=6298"},"modified":"2023-12-18T11:22:19","modified_gmt":"2023-12-18T11:22:19","slug":"eugh-keine-bagatellgrenze-fuer-immateriellen-schaden-infolge-dsgvo-verstoss-jedoch-nachweis-erforderlich-dass-immaterieller-schaden-tatsaechlich-entstanden-ist","status":"publish","type":"post","link":"https:\/\/media-law.at\/?p=6298","title":{"rendered":"EuGH: Keine Bagatellgrenze f\u00fcr immateriellen Schaden infolge DSGVO-Versto\u00df. Jedoch Nachweis erforderlich, dass immaterieller Schaden tats\u00e4chlich entstanden ist."},"content":{"rendered":"\n[et_pb_section fb_built=&#8220;1&#8243; theme_builder_area=&#8220;post_content&#8220; _builder_version=&#8220;4.18.0&#8243; _module_preset=&#8220;default&#8220;][et_pb_row _builder_version=&#8220;4.18.0&#8243; _module_preset=&#8220;default&#8220; theme_builder_area=&#8220;post_content&#8220;][et_pb_column _builder_version=&#8220;4.18.0&#8243; _module_preset=&#8220;default&#8220; type=&#8220;4_4&#8243; theme_builder_area=&#8220;post_content&#8220;][et_pb_text _builder_version=&#8220;4.18.0&#8243; _module_preset=&#8220;default&#8220; theme_builder_area=&#8220;post_content&#8220; hover_enabled=&#8220;0&#8243; sticky_enabled=&#8220;0&#8243;]<p>EuGH-Entscheidung vom 14.12.2023, Rechtssache C\u2011456\/22<\/p>\n<p>&nbsp;<\/p>\n<p><strong>Sachverhalt:<\/strong><\/p>\n<p>Eine deutsche Gemeinde hatte auf ihrer Internetseite ohne Einwilligung der Kl\u00e4ger die Tagesordnung einer Gemeinderatssitzung sowie ein verk\u00fcndetes Urteil ver\u00f6ffentlicht, worin die Namen und Vornamen sowie die Anschriften der Kl\u00e4ger genannt waren. Diese Unterlagen waren f\u00fcr die Dauer von drei Tagen auf der Homepage dieser Gemeinde verf\u00fcgbar.<\/p>\n<p>Die Kl\u00e4ger waren der Auffassung, dass diese Ver\u00f6ffentlichung ein Versto\u00df gegen die DSGVO sei und dass die Gemeinde vors\u00e4tzlich gehandelt habe, da die Namen anderer Beteiligter geschw\u00e4rzt worden waren. Daher klagten sie die Gemeinde nach Art.\u00a082 Abs.\u00a01 DSGVO auf Ersatz des ihnen entstandenen immateriellen Schadens.<\/p>\n<p>Das Landgericht Ravensburg legte das Verfahren dem EuGH zur Vorabentscheidung vor. Das vorlegende Gericht neigte zu der Annahme, dass f\u00fcr die Bejahung eines immateriellen Schadens eine \u201e<em>Bagatellgrenze<\/em>\u201c \u00fcberschritten sein m\u00fcsse, was bei einem lediglich kurzfristigen Verlust der Datenhoheit der Betroffenen, der ihnen keinerlei sp\u00fcrbare Nachteile verursacht habe, und ohne Nachweis einer objektiv nachvollziehbaren Beeintr\u00e4chtigung ihrer pers\u00f6nlichkeitsbezogenen Belange nicht der Fall sei.<\/p>\n<p>&nbsp;<\/p>\n<p><strong>Entscheidung:<\/strong><\/p>\n<p>Der EuGH hielt zun\u00e4chst fest, dass nach Art.\u00a082 Abs.\u00a01 DSGVO jede Person, der wegen eines Versto\u00dfes gegen diese Verordnung ein materieller oder immaterieller Schaden entstanden ist, Anspruch auf Schadenersatz gegen den Verantwortlichen oder gegen den Auftragsverarbeiter hat.<\/p>\n<p>Das <strong>Vorliegen eines Schadens<\/strong> ist eine der Voraussetzungen f\u00fcr den Schadenersatzanspruch, ebenso wie das <strong>Vorliegen eines Versto\u00dfes gegen die DSGVO<\/strong> und eines <strong>Kausalzusammenhangs zwischen dem Schaden und dem Versto\u00df<\/strong>, wobei <strong>diese drei Voraussetzungen kumulativ<\/strong> sind. Folglich sind diese drei Voraussetzungen erforderlich und ausreichend f\u00fcr einen Schadenersatzanspruch im Sinne dieser Bestimmung.<\/p>\n<p>Art.\u00a082 Abs.\u00a01 DSGVO ist dahin auszulegen, dass er einer nationalen Regelung entgegensteht, die den Ersatz eines \u201eimmateriellen Schadens\u201c davon abh\u00e4ngig macht, dass der entstandene Schaden einen bestimmten Grad an Erheblichkeit erreicht hat. Folglich d\u00fcrfen <strong>keine weiteren Voraussetzungen<\/strong> aufgestellt werden, wie etwa, dass der Nachteil sp\u00fcrbar oder die Beeintr\u00e4chtigung objektiv sein muss. Folglich <strong>verlangt Art.\u00a082 Abs.\u00a01 DSGVO nicht<\/strong>, dass nach einem erwiesenen Versto\u00df gegen Bestimmungen dieser Verordnung der von der betroffenen Person geltend gemachte <strong>\u201eimmaterielle Schaden\u201c eine \u201eBagatellgrenze\u201c \u00fcberschreiten muss<\/strong>, damit dieser Schaden ersatzf\u00e4hig ist.<\/p>\n<p>Eine betroffene Person muss jedoch den Nachweis erbringen, dass diese Folgen einen immateriellen Schaden im Sinne von Art.\u00a082 DSGVO darstellen. Der blo\u00dfe Versto\u00df gegen die Bestimmungen der DSGVO reicht n\u00e4mlich nicht aus, um einen Schadenersatzanspruch zu begr\u00fcnden.<\/p>\n<p>Im vorliegenden Fall kann daher bereits die Ver\u00f6ffentlichung personenbezogener Daten im Internet und der daraus resultierende kurzzeitige Verlust der Hoheit \u00fcber diese Daten den betroffenen Personen einen \u201eimmateriellen Schaden\u201c im Sinne von Art.\u00a082 Abs.\u00a01 DSGVO zuf\u00fcgen, doch m\u00fcssen diese Personen den <strong>Nachweis erbringen, dass sie tats\u00e4chlich einen solchen Schaden\u00a0\u2013 so geringf\u00fcgig er auch sein mag\u00a0\u2013 erlitten<\/strong> haben.<\/p>\n<p>&nbsp;<\/p>\n<p>&nbsp;<\/p>\n<p><a href=\"https:\/\/curia.europa.eu\/juris\/document\/document.jsf?text=&amp;docid=280630&amp;pageIndex=0&amp;doclang=de&amp;mode=req&amp;dir=&amp;occ=first&amp;part=1&amp;cid=7175312\" target=\"_blank\" rel=\"noopener\">Link zur Entscheidung<\/a><\/p>\n<p>&nbsp;<\/p>\n<p><strong>Weitere Blog-Beitr\u00e4ge zum Thema Datenschutzrecht:<\/strong><\/p>\n<p><a href=\"https:\/\/media-law.at\/?p=6293\">EuGH: Datenschutzverletzung allein begr\u00fcndet nicht Unangemessenheit von Sicherheitsma\u00dfnahmen. Bef\u00fcrchtung eines Datenmissbrauchs kann immateriellen Schaden darstellen.<\/a><\/p>\n<p><a href=\"https:\/\/media-law.at\/?p=5906\">Immaterieller Schadenersatz bei Verst\u00f6\u00dfen gegen die DSGVO? Versto\u00df allein gen\u00fcgt nicht. Schaden erforderlich. Aber: Keine \u201eErheblichkeitsschwelle\u201c.<\/a><\/p>\n<p><a href=\"https:\/\/media-law.at\/?p=6265\">EuGH zu DSGVO-Geldbu\u00dfen: Versto\u00df muss schuldhaft begangen worden sein. H\u00f6he richtet sich nach weltweitem Jahresumsatz.<\/a><\/p>\n<p><a href=\"https:\/\/media-law.at\/?p=6183\">DSGVO-Schadenersatz f\u00fcr Schulwart, der irrt\u00fcmlich in Lehrerbewertungs-App aufgenommen wurde.<\/a><\/p>\n<p><a href=\"https:\/\/media-law.at\/?p=6177\">Erfassen des Stromverbrauchs durch \u201eSmart Meter\u201c: Kein Anspruch auf Schadenersatz auf Grundlage der DSGVO aufgrund Sorgen allgemeiner Natur<\/a><\/p>\n<p><a href=\"https:\/\/media-law.at\/?p=6115\">\u201eEin Idiotenhaufen \u2026 zum Durchdrehen\u201c. Berechtigtes Interesse und Erforderlichkeit der Einsichtnahme eines Arbeitgebers in das E-Mail-Konto von Mitarbeitern.<\/a><\/p>\n<p><a href=\"https:\/\/media-law.at\/?p=6001\">EuGH: DSGVO gew\u00e4hrt Recht auf Auskunft \u00fcber Zeitpunkt und Grund f\u00fcr Abfrage personenbezogener Daten. Jedoch zumeist keine Auskunft \u00fcber konkreten Arbeitnehmer, der die Abfrage vornimmt.<\/a><\/p>\n<p><a href=\"https:\/\/media-law.at\/?p=5900\">EuGH: Recht auf \u201eKopie\u201c von verarbeiteten personenbezogenen Daten = Ausfolgung originalgetreuer und verst\u00e4ndlicher Reproduktion aller dieser Daten.<\/a><\/p>\n<p><a href=\"https:\/\/media-law.at\/?p=5863\">Betroffen von Datenpanne? Art 15 DSGVO gew\u00e4hrt Auskunftsanspruch \u00fcber tats\u00e4chliche Betroffenheit von Daten\u00fcbermittlung.<\/a><\/p>\n<p><a href=\"https:\/\/media-law.at\/?p=5606\">EuGH: Versch\u00e4rfte Auskunftspflicht bei Weitergabe personenbezogener Daten. Identit\u00e4t der Empf\u00e4nger mitzuteilen.<\/a><\/p>[\/et_pb_text][\/et_pb_column][\/et_pb_row][\/et_pb_section]\n","protected":false},"excerpt":{"rendered":"<p>EuGH-Entscheidung vom 14.12.2023, Rechtssache C\u2011456\/22 &nbsp; Sachverhalt: Eine deutsche Gemeinde hatte auf ihrer Internetseite ohne Einwilligung der Kl\u00e4ger die Tagesordnung einer Gemeinderatssitzung sowie ein verk\u00fcndetes Urteil ver\u00f6ffentlicht, worin die Namen und Vornamen sowie die Anschriften der Kl\u00e4ger genannt waren. Diese Unterlagen waren f\u00fcr die Dauer von drei Tagen auf der Homepage dieser Gemeinde verf\u00fcgbar. Die [&hellip;]<\/p>\n","protected":false},"author":1,"featured_media":0,"comment_status":"closed","ping_status":"open","sticky":false,"template":"","format":"standard","meta":{"_et_pb_use_builder":"on","_et_pb_old_content":"","_et_gb_content_width":"","footnotes":""},"categories":[18,8],"tags":[4006,835,1529,134,4005,201],"class_list":["post-6298","post","type-post","status-publish","format-standard","hentry","category-datenschutzrecht","category-eu-rechtsprechung","tag-bagatellgrenze","tag-datenschutzrecht-2","tag-dsgvo","tag-eugh","tag-immaterieller-schaden","tag-immaterieller-schadenersatz"],"aioseo_notices":[],"_links":{"self":[{"href":"https:\/\/media-law.at\/index.php?rest_route=\/wp\/v2\/posts\/6298","targetHints":{"allow":["GET"]}}],"collection":[{"href":"https:\/\/media-law.at\/index.php?rest_route=\/wp\/v2\/posts"}],"about":[{"href":"https:\/\/media-law.at\/index.php?rest_route=\/wp\/v2\/types\/post"}],"author":[{"embeddable":true,"href":"https:\/\/media-law.at\/index.php?rest_route=\/wp\/v2\/users\/1"}],"replies":[{"embeddable":true,"href":"https:\/\/media-law.at\/index.php?rest_route=%2Fwp%2Fv2%2Fcomments&post=6298"}],"version-history":[{"count":5,"href":"https:\/\/media-law.at\/index.php?rest_route=\/wp\/v2\/posts\/6298\/revisions"}],"predecessor-version":[{"id":6303,"href":"https:\/\/media-law.at\/index.php?rest_route=\/wp\/v2\/posts\/6298\/revisions\/6303"}],"wp:attachment":[{"href":"https:\/\/media-law.at\/index.php?rest_route=%2Fwp%2Fv2%2Fmedia&parent=6298"}],"wp:term":[{"taxonomy":"category","embeddable":true,"href":"https:\/\/media-law.at\/index.php?rest_route=%2Fwp%2Fv2%2Fcategories&post=6298"},{"taxonomy":"post_tag","embeddable":true,"href":"https:\/\/media-law.at\/index.php?rest_route=%2Fwp%2Fv2%2Ftags&post=6298"}],"curies":[{"name":"wp","href":"https:\/\/api.w.org\/{rel}","templated":true}]}}