{"id":6265,"date":"2023-12-06T15:52:01","date_gmt":"2023-12-06T15:52:01","guid":{"rendered":"https:\/\/media-law.at\/?p=6265"},"modified":"2024-03-11T13:00:21","modified_gmt":"2024-03-11T13:00:21","slug":"eugh-zu-dsgvo-geldbussen-verstoss-muss-schuldhaft-begangen-worden-sein-hoehe-richtet-sich-nach-weltweitem-jahresumsatz","status":"publish","type":"post","link":"https:\/\/media-law.at\/?p=6265","title":{"rendered":"EuGH zu DSGVO-Geldbu\u00dfen: Versto\u00df muss schuldhaft begangen worden sein. H\u00f6he richtet sich nach weltweitem Jahresumsatz."},"content":{"rendered":"\n[et_pb_section fb_built=&#8220;1&#8243; _builder_version=&#8220;4.18.0&#8243; _module_preset=&#8220;default&#8220; global_colors_info=&#8220;{}&#8220;][et_pb_row _builder_version=&#8220;4.18.0&#8243; _module_preset=&#8220;default&#8220; global_colors_info=&#8220;{}&#8220;][et_pb_column type=&#8220;4_4&#8243; _builder_version=&#8220;4.18.0&#8243; _module_preset=&#8220;default&#8220; global_colors_info=&#8220;{}&#8220;][et_pb_text _builder_version=&#8220;4.18.0&#8243; _module_preset=&#8220;default&#8220; hover_enabled=&#8220;0&#8243; global_colors_info=&#8220;{}&#8220; sticky_enabled=&#8220;0&#8243;]<p>EuGH-Entscheidung(en) vom 5.12.2023, Rechtssachen C-683\/21 und C-807\/21<\/p>\n<p>&nbsp;<\/p>\n<p><strong>Sachverhalt:<\/strong><\/p>\n<p>Der EuGH hatte in zwei F\u00e4llen zu entscheiden, welche M\u00f6glichkeiten nationalen Aufsichtsbeh\u00f6rden zukommen, um Verst\u00f6\u00dfe gegen die DSGVO (durch Verh\u00e4ngung von Geldbu\u00dfen) zu ahnden.<\/p>\n<p>Im ersten Fall wehrte sich ein deutsches Immobilienunternehmen, das rund 163 000 Wohneinheiten und 3 000 Gewerbeeinheiten h\u00e4lt, gegen eine Geldbu\u00dfe von \u00fcber EUR 14 Millionen. Das Unternehmen hatte personenbezogene Daten von Mietern l\u00e4nger als erforderlich gespeichert.<\/p>\n<p>Im zweiten Fall wehrte sich das litauische Nationale Zentrum f\u00fcr \u00f6ffentliche Gesundheit gegen eine Geldbu\u00dfe in H\u00f6he von EUR 12.000. Im Zusammenhang mit der Entwicklung einer mobilen Anwendung zur Erfassung und \u00dcberwachung von Covid-19-Daten seien personenbezogene Daten erhoben worden.<\/p>\n<p>&nbsp;<\/p>\n<p><strong>Entscheidung:<\/strong><\/p>\n<p>Der EuGH entschied, dass grunds\u00e4tzlich <strong>nur dann eine Geldbu\u00dfe wegen Versto\u00dfes gegen die DSGVO<\/strong> verh\u00e4ngt werden kann, wenn der <strong>Versto\u00df schuldhaft \u2013 also vors\u00e4tzlich oder fahrl\u00e4ssig \u2013 begangen<\/strong> wurde. Handelte es sich beim Verantwortlichen um eine juristische Person, ist es nicht erforderlich, dass der Versto\u00df von einem Leitungsorgan begangen wurde oder dieses Organ Kenntnis davon hatte. Eine <strong>juristische Person haftet sowohl f\u00fcr Verst\u00f6\u00dfe ihrer Vertreter, Leitungspersonen oder Gesch\u00e4ftsf\u00fchrer, als auch f\u00fcr Verst\u00f6\u00dfe von jeder sonstigen Person<\/strong>, die im Rahmen ihrer unternehmerischen T\u00e4tigkeit im Namen der juristischen Person handelt.<\/p>\n<p>F\u00fcr die Verh\u00e4ngung einer Geldbu\u00dfe gegen eine juristische Person ist es <strong>nicht Voraussetzung<\/strong>, dass zuvor festgestellt wurde, dass der Versto\u00df von einer <strong>identifizierten nat\u00fcrlichen Person<\/strong> begangen wurde. Auch Verarbeitungsvorg\u00e4nge von <strong>Auftragsverarbeitern<\/strong> sind umfasst, sofern diese Vorg\u00e4nge dem Verantwortlichen zugerechnet werden k\u00f6nnen.<\/p>\n<p>Die Einstufung als \u201egemeinsam Verantwortliche\u201c bei zwei oder mehr involvierten Einrichtungen setzt keine f\u00f6rmliche Vereinbarung voraus. Eine gemeinsame Entscheidung oder \u00fcbereinstimmende Entscheidungen reichen aus. Tats\u00e4chlich gemeinsam Verantwortliche m\u00fcssen in einer Vereinbarung ihre jeweiligen Pflichten festlegen.<\/p>\n<p>Im Hinblick auf den <strong>H\u00f6chstbetrag<\/strong> einer m\u00f6glichen Geldbu\u00dfe wies der EuGH darauf hin, dass dieser auf der Grundlage eines <strong>Prozentsatzes des gesamten Jahresumsatzes<\/strong> zu berechnen ist, den das Unternehmen als Ganzes im vorangegangenen Gesch\u00e4ftsjahr <strong>weltweit<\/strong> erzielt hat. Geh\u00f6rt der Adressat der Geldbu\u00dfe etwa zu einem Konzern, ist bei der Berechnung der Geldbu\u00dfe auf den <strong>(Jahres-)Umsatz des Konzerns<\/strong> abzustellen.<\/p>\n<p>&nbsp;<\/p>\n<p>&nbsp;<\/p>\n<p><a href=\"https:\/\/curia.europa.eu\/juris\/document\/document.jsf?text=&amp;docid=280324&amp;pageIndex=0&amp;doclang=DE&amp;mode=req&amp;dir=&amp;occ=first&amp;part=1&amp;cid=4859439\" target=\"_blank\" rel=\"noopener\">Link zur Entscheidung zu C-683\/21<\/a><\/p>\n<p><a href=\"https:\/\/curia.europa.eu\/juris\/document\/document.jsf;jsessionid=AD3C279222D00EE0A96B697E1FAADC72?text=&amp;docid=280325&amp;pageIndex=0&amp;doclang=DE&amp;mode=req&amp;dir=&amp;occ=first&amp;part=1&amp;cid=4859381\" target=\"_blank\" rel=\"noopener\">Link zur Entscheidung zu C-807\/21<\/a><\/p>\n<p><a href=\"https:\/\/curia.europa.eu\/jcms\/upload\/docs\/application\/pdf\/2023-12\/cp230184de.pdf\" target=\"_blank\" rel=\"noopener\">Link zur Pressemitteilung des EuGH<\/a><\/p>\n<p>&nbsp;<\/p>\n<p><strong>Weitere Blog-Beitr\u00e4ge zum Thema DSGVO:<\/strong><\/p>\n<p><a href=\"https:\/\/media-law.at\/?p=6183\">DSGVO-Schadenersatz f\u00fcr Schulwart, der irrt\u00fcmlich in Lehrerbewertungs-App aufgenommen wurde.<\/a><\/p>\n<p><a href=\"https:\/\/media-law.at\/?p=6177\">Erfassen des Stromverbrauchs durch \u201eSmart Meter\u201c: Kein Anspruch auf Schadenersatz auf Grundlage der DSGVO aufgrund Sorgen allgemeiner Natur<\/a><\/p>\n<p><a href=\"https:\/\/media-law.at\/?p=5906\">Immaterieller Schadenersatz bei Verst\u00f6\u00dfen gegen die DSGVO? Versto\u00df allein gen\u00fcgt nicht. Schaden erforderlich. Aber: Keine \u201eErheblichkeitsschwelle\u201c.<\/a><\/p>\n<p><a href=\"https:\/\/media-law.at\/?p=6001\">EuGH: DSGVO gew\u00e4hrt Recht auf Auskunft \u00fcber Zeitpunkt und Grund f\u00fcr Abfrage personenbezogener Daten. Jedoch zumeist keine Auskunft \u00fcber konkreten Arbeitnehmer, der die Abfrage vornimmt.<\/a><\/p>\n<p><a href=\"https:\/\/media-law.at\/?p=5863\">Betroffen von Datenpanne? Art 15 DSGVO gew\u00e4hrt Auskunftsanspruch \u00fcber tats\u00e4chliche Betroffenheit von Daten\u00fcbermittlung.<\/a><\/p>\n<p><a href=\"https:\/\/media-law.at\/?p=6115\">\u201eEin Idiotenhaufen \u2026 zum Durchdrehen\u201c. Berechtigtes Interesse und Erforderlichkeit der Einsichtnahme eines Arbeitgebers in das E-Mail-Konto von Mitarbeitern.<\/a><\/p>\n<p><a href=\"https:\/\/media-law.at\/?p=4186\">Verkauf von Verbraucherdaten f\u00fcr Wahlwerbung: Wie sind Wahrscheinlichkeitsaussagen \u00fcber politische Pr\u00e4ferenzen datenschutzrechtlich einzuordnen?<\/a><\/p>[\/et_pb_text][\/et_pb_column][\/et_pb_row][\/et_pb_section]\n","protected":false},"excerpt":{"rendered":"<p>EuGH-Entscheidung(en) vom 5.12.2023, Rechtssachen C-683\/21 und C-807\/21 &nbsp; Sachverhalt: Der EuGH hatte in zwei F\u00e4llen zu entscheiden, welche M\u00f6glichkeiten nationalen Aufsichtsbeh\u00f6rden zukommen, um Verst\u00f6\u00dfe gegen die DSGVO (durch Verh\u00e4ngung von Geldbu\u00dfen) zu ahnden. Im ersten Fall wehrte sich ein deutsches Immobilienunternehmen, das rund 163 000 Wohneinheiten und 3 000 Gewerbeeinheiten h\u00e4lt, gegen eine Geldbu\u00dfe von [&hellip;]<\/p>\n","protected":false},"author":1,"featured_media":0,"comment_status":"closed","ping_status":"open","sticky":false,"template":"","format":"standard","meta":{"_et_pb_use_builder":"on","_et_pb_old_content":"","_et_gb_content_width":"","footnotes":""},"categories":[18,8],"tags":[1529,134,3994,3991,3992,3993,2923,1863,3995],"class_list":["post-6265","post","type-post","status-publish","format-standard","hentry","category-datenschutzrecht","category-eu-rechtsprechung","tag-dsgvo","tag-eugh","tag-fahrlaessig","tag-geldbusse","tag-hoechstbetrag","tag-jahresumsatz","tag-schuldhaft","tag-verstoss","tag-vorsaetzlich"],"aioseo_notices":[],"_links":{"self":[{"href":"https:\/\/media-law.at\/index.php?rest_route=\/wp\/v2\/posts\/6265","targetHints":{"allow":["GET"]}}],"collection":[{"href":"https:\/\/media-law.at\/index.php?rest_route=\/wp\/v2\/posts"}],"about":[{"href":"https:\/\/media-law.at\/index.php?rest_route=\/wp\/v2\/types\/post"}],"author":[{"embeddable":true,"href":"https:\/\/media-law.at\/index.php?rest_route=\/wp\/v2\/users\/1"}],"replies":[{"embeddable":true,"href":"https:\/\/media-law.at\/index.php?rest_route=%2Fwp%2Fv2%2Fcomments&post=6265"}],"version-history":[{"count":5,"href":"https:\/\/media-law.at\/index.php?rest_route=\/wp\/v2\/posts\/6265\/revisions"}],"predecessor-version":[{"id":6270,"href":"https:\/\/media-law.at\/index.php?rest_route=\/wp\/v2\/posts\/6265\/revisions\/6270"}],"wp:attachment":[{"href":"https:\/\/media-law.at\/index.php?rest_route=%2Fwp%2Fv2%2Fmedia&parent=6265"}],"wp:term":[{"taxonomy":"category","embeddable":true,"href":"https:\/\/media-law.at\/index.php?rest_route=%2Fwp%2Fv2%2Fcategories&post=6265"},{"taxonomy":"post_tag","embeddable":true,"href":"https:\/\/media-law.at\/index.php?rest_route=%2Fwp%2Fv2%2Ftags&post=6265"}],"curies":[{"name":"wp","href":"https:\/\/api.w.org\/{rel}","templated":true}]}}