{"id":5147,"date":"2022-05-17T11:33:17","date_gmt":"2022-05-17T11:33:17","guid":{"rendered":"https:\/\/media-law.at\/?p=5147"},"modified":"2022-05-17T11:40:08","modified_gmt":"2022-05-17T11:40:08","slug":"covid-19-pandemie-mietzinsminderung-im-umfang-der-gebrauchsbeeintraechtigung","status":"publish","type":"post","link":"https:\/\/media-law.at\/?p=5147","title":{"rendered":"COVID-19-Pandemie: Mietzinsminderung im Umfang der Gebrauchsbeeintr\u00e4chtigung"},"content":{"rendered":"\n[et_pb_section fb_built=&#8220;1&#8243; _builder_version=&#8220;4.13.1&#8243; _module_preset=&#8220;default&#8220; global_colors_info=&#8220;{}&#8220;][et_pb_row _builder_version=&#8220;4.13.1&#8243; _module_preset=&#8220;default&#8220; global_colors_info=&#8220;{}&#8220;][et_pb_column type=&#8220;4_4&#8243; _builder_version=&#8220;4.13.1&#8243; _module_preset=&#8220;default&#8220; global_colors_info=&#8220;{}&#8220;][et_pb_text _builder_version=&#8220;4.13.1&#8243; _module_preset=&#8220;default&#8220; hover_enabled=&#8220;0&#8243; global_colors_info=&#8220;{}&#8220; sticky_enabled=&#8220;0&#8243;]<p>OGH-Entscheidung vom 29.3.2022, 4 Ob 218\/21v<\/p>\n<p><strong>\u00a0<\/strong><\/p>\n<p><strong>Sachverhalt:<\/strong><\/p>\n<p>Die Kl\u00e4gerin ist Mieterin eines Gesch\u00e4ftslokals. Sie betreibt dort ein Handels- und Gastronomieunternehmen. Der Verkaufsraum nimmt etwa zwei Drittel der gemieteten Gesamtfl\u00e4che ein, auf der restlichen Fl\u00e4che befinden sich Lager, B\u00fcro und Personalr\u00e4ume. Die Filiale war w\u00e4hrend aller drei Lockdowns der Corona-Pandemie geschlossen. In diesen Zeitr\u00e4umen wurden keine Ums\u00e4tze erzielt. Die Mitarbeiter der Kl\u00e4gerin waren in dieser Zeit nur reduziert anwesend und f\u00fchrten unter anderem eine Inventur durch und schickten Ware zur\u00fcck, etc.<\/p>\n<p>Die Kl\u00e4gerin begehrte vor Gericht die R\u00fcckzahlung des gesamten w\u00e4hrend der drei Lockdowns gezahlten Mietzinses.<\/p>\n<p>&nbsp;<\/p>\n<p><strong>Entscheidung:<\/strong><\/p>\n<p>Das Erstgericht gab der Klage statt. Das Berufungsgericht best\u00e4tigte diese Entscheidung (nur) im Ausma\u00df von zwei Drittel der geleisteten Mietzinszahlungen. Der OGH wies die Revisionen beider Parteien gegen dieses Urteil als unzul\u00e4ssig zur\u00fcck.<\/p>\n<p>Der OGH hat bereits ausgesprochen (siehe zB <a href=\"https:\/\/media-law.at\/?p=5114\">hier<\/a> und <a href=\"https:\/\/media-law.at\/?p=4715\">hier<\/a>), dass die <strong>COVID-19-Pandemie als \u201eSeuche\u201c im Sinn des \u00a7\u00a01104 ABGB<\/strong> zu werten ist und aufgrund dieser Pandemie durch Gesetz oder Verordnung angeordnete <strong>Betretungsverbote f\u00fcr Gesch\u00e4ftsr\u00e4ume zu deren Unben\u00fctzbarkeit<\/strong> f\u00fchren. Ist die Nutzung hingegen <strong>nur eingeschr\u00e4nkt<\/strong>, so kommt es gem\u00e4\u00df \u00a7\u00a01105 ABGB zu einer <strong>Mietzinsminderung<\/strong> im Umfang der Gebrauchsbeeintr\u00e4chtigung. Dabei ist die Unbrauchbarkeit anhand eines objektiven Ma\u00dfstabs zu beurteilen, wobei die <strong>Beweispflicht<\/strong> f\u00fcr die mangelnde Brauchbarkeit den Mieter trifft.<\/p>\n<p>Das streitgegenst\u00e4ndliche Mietobjekt war w\u00e4hrend der drei Lockdowns geschlossen und es wurden dort keine Ums\u00e4tze erzielt. Die Kl\u00e4gerin <strong>nutzte jedoch ein Drittel der R\u00e4ume<\/strong> als Lager, B\u00fcro und Personalraum. Die Gesch\u00e4ftsfl\u00e4che war daher auch w\u00e4hrend der Sperre f\u00fcr den Kundenbetrieb <strong>dem Gesch\u00e4ftsbetrieb der Kl\u00e4gerin zumindest teilweise dienlich<\/strong>. Unter Ber\u00fccksichtigung dieser Aspekte setzte das Berufungsgericht die H\u00f6he der Mietzinsminderung auf Basis eines <strong>Restnutzens im Ausma\u00df eines Drittels<\/strong> fest. Der OGH hielt diese Entscheidung f\u00fcr vertretbar; ebenso die Vertragsauslegung der Vorinstanzen, wonach die Vereinbarung, dass die Beklagte f\u00fcr keinen Gesch\u00e4ftsausfall, h\u00f6here Gewalt oder Fremdverschulden hafte, es sei denn, dem Mieter stehen diesbez\u00fcglich gesetzliche Rechte zu, so zu verstehen ist, dass die hier geltend gemachten Rechte nach \u00a7\u00a7\u00a01104\u00a0ff ABGB vom Haftungsausschluss ausgenommen wurden.<\/p>\n<p>&nbsp;<\/p>\n<p>&nbsp;<\/p>\n<p><a href=\"https:\/\/www.ris.bka.gv.at\/Dokumente\/Justiz\/JJT_20220329_OGH0002_0040OB00218_21V0000_000\/JJT_20220329_OGH0002_0040OB00218_21V0000_000.html\" target=\"_blank\" rel=\"noopener\">Link zur OGH-Entscheidung<\/a><\/p>\n<p>&nbsp;<\/p>\n<p>&nbsp;<\/p>\n<p><strong>Weitere Blog-Beitr\u00e4ge zu Covid-19-Rechtsprechung:<\/strong><\/p>\n<p><a href=\"https:\/\/media-law.at\/?p=5114\">COVID-19-Lockdown: Bei zumindest teilweiser Brauchbarkeit von Gasth\u00e4usern (zB Liefer-\/Abholservice) kann Mietzins nur anteilig gemindert werden<\/a><\/p>\n<p><a href=\"https:\/\/media-law.at\/?p=4715\">Mietzinsbefreiung infolge Covid19-Betretungsverbot<\/a><\/p>\n<p><a href=\"https:\/\/media-law.at\/?p=4656\">Supermarkt verkauft im Covid19-Lockdown Non-Food-Artikel. Unlauterer Rechtsbruch?<\/a><\/p>\n<p><a href=\"https:\/\/media-law.at\/?p=4783\">Mehrt\u00e4giges Festival wegen COVID-19-Pandemie abgesagt: R\u00fcckerstattung zur G\u00e4nze in Gutscheinform zul\u00e4ssig, da einzelne Veranstaltungstage rechtlich voneinander unabh\u00e4ngig (Tagestickets)<\/a><\/p>\n<p><a href=\"https:\/\/media-law.at\/?p=4624\">Krankenpfleger verweigert Corona-Tests: K\u00fcndigung ist keine verp\u00f6nte Retorsionsma\u00dfnahme<\/a><\/p>\n<p><a href=\"https:\/\/media-law.at\/?p=4662\">Trotz positivem Corona-Test zur Arbeit: Entlassungstatbestand der Vertrauensunw\u00fcrdigkeit<\/a><\/p>\n<p><a href=\"https:\/\/media-law.at\/?p=4929\">Verweigerung von Corona-Schutzma\u00dfnahme ist keine Weltanschauung. K\u00fcndigungsanfechtung erfolglos.<\/a><\/p>[\/et_pb_text][\/et_pb_column][\/et_pb_row][\/et_pb_section]\n","protected":false},"excerpt":{"rendered":"<p>OGH-Entscheidung vom 29.3.2022, 4 Ob 218\/21v \u00a0 Sachverhalt: Die Kl\u00e4gerin ist Mieterin eines Gesch\u00e4ftslokals. Sie betreibt dort ein Handels- und Gastronomieunternehmen. Der Verkaufsraum nimmt etwa zwei Drittel der gemieteten Gesamtfl\u00e4che ein, auf der restlichen Fl\u00e4che befinden sich Lager, B\u00fcro und Personalr\u00e4ume. Die Filiale war w\u00e4hrend aller drei Lockdowns der Corona-Pandemie geschlossen. In diesen Zeitr\u00e4umen wurden [&hellip;]<\/p>\n","protected":false},"author":1,"featured_media":0,"comment_status":"closed","ping_status":"open","sticky":false,"template":"","format":"standard","meta":{"_et_pb_use_builder":"on","_et_pb_old_content":"","_et_gb_content_width":"","footnotes":""},"categories":[6],"tags":[3135,3449,3450,3446,3130,3447,456,3448,3163,3421,3161],"class_list":["post-5147","post","type-post","status-publish","format-standard","hentry","category-zivilrecht","tag-covid19","tag-gebrauchsbeeintraechtigung","tag-geschaeftsbetrieb","tag-geschaeftsraeume","tag-lockdown","tag-miete","tag-mietzinsminderung","tag-restnutzen","tag-seuche","tag-unbenutzbarkeit","tag--1104-abgb"],"aioseo_notices":[],"_links":{"self":[{"href":"https:\/\/media-law.at\/index.php?rest_route=\/wp\/v2\/posts\/5147","targetHints":{"allow":["GET"]}}],"collection":[{"href":"https:\/\/media-law.at\/index.php?rest_route=\/wp\/v2\/posts"}],"about":[{"href":"https:\/\/media-law.at\/index.php?rest_route=\/wp\/v2\/types\/post"}],"author":[{"embeddable":true,"href":"https:\/\/media-law.at\/index.php?rest_route=\/wp\/v2\/users\/1"}],"replies":[{"embeddable":true,"href":"https:\/\/media-law.at\/index.php?rest_route=%2Fwp%2Fv2%2Fcomments&post=5147"}],"version-history":[{"count":5,"href":"https:\/\/media-law.at\/index.php?rest_route=\/wp\/v2\/posts\/5147\/revisions"}],"predecessor-version":[{"id":5152,"href":"https:\/\/media-law.at\/index.php?rest_route=\/wp\/v2\/posts\/5147\/revisions\/5152"}],"wp:attachment":[{"href":"https:\/\/media-law.at\/index.php?rest_route=%2Fwp%2Fv2%2Fmedia&parent=5147"}],"wp:term":[{"taxonomy":"category","embeddable":true,"href":"https:\/\/media-law.at\/index.php?rest_route=%2Fwp%2Fv2%2Fcategories&post=5147"},{"taxonomy":"post_tag","embeddable":true,"href":"https:\/\/media-law.at\/index.php?rest_route=%2Fwp%2Fv2%2Ftags&post=5147"}],"curies":[{"name":"wp","href":"https:\/\/api.w.org\/{rel}","templated":true}]}}