{"id":4507,"date":"2021-07-13T13:40:59","date_gmt":"2021-07-13T13:40:59","guid":{"rendered":"http:\/\/media-law.at\/?p=4507"},"modified":"2021-07-13T13:44:38","modified_gmt":"2021-07-13T13:44:38","slug":"die-derzeit-erfolgreichste-talk-show-im-tv-ist-keine-ernst-zu-nehmende-spitzenstellungsbehauptung","status":"publish","type":"post","link":"https:\/\/media-law.at\/?p=4507","title":{"rendered":"\u201eDie derzeit erfolgreichste Talk Show im TV\u201c ist keine ernst zu nehmende Spitzenstellungsbehauptung"},"content":{"rendered":"\n[et_pb_section fb_built=&#8220;1&#8243; _builder_version=&#8220;4.4.6&#8243;][et_pb_row _builder_version=&#8220;4.4.6&#8243;][et_pb_column _builder_version=&#8220;4.4.6&#8243; type=&#8220;4_4&#8243;][et_pb_text _builder_version=&#8220;4.4.6&#8243; hover_enabled=&#8220;0&#8243;]<p>OGH-Entscheidung vom 27.5.2021, 4 Ob 61\/21f<\/p>\n<p>&nbsp;<\/p>\n<p><strong>Sachverhalt:<\/strong><\/p>\n<p>Die Medieninhaberin der \u201eKronen\u00a0Zeitung\u201c klagte die Medieninhaberin\/Gesch\u00e4ftsf\u00fchrung von \u201e\u00d6sterreich\u201c und \u201eoe24\u201c sowie die Medieninhaberin und Fernsehveranstalterin des Senders \u201eoe24.TV\u201c auf Unterlassung.<\/p>\n<p>Auf \u201eoe24.TV\u201c wird t\u00e4glich die politische Talkshow \u201eFELLNER! LIVE\u201c ausgestrahlt. Im deutschen Sprachraum gibt es keine vergleichbare Sendung dieser Frequenz. Im September\u00a02019 lag (je nach Zielgruppe) der Marktanteil von \u201eFELLNER! LIVE\u201c bei maximal 0,51\u00a0%.<\/p>\n<p>In der Zeitung der Beklagten wurde ein Artikel ver\u00f6ffentlicht, in dem berichtet wurde, dass \u201eFELLNER!\u00a0LIVE\u201c \u201e<em>die derzeit erfolgreichste Talk Show im TV<\/em>\u201c sei.<\/p>\n<p>&nbsp;<\/p>\n<p><strong>Entscheidung:<\/strong><\/p>\n<p>Das\u00a0Erstgericht\u00a0gab dem Unterlassungsbegehren zur G\u00e4nze\u00a0statt. Das\u00a0Berufungsgericht\u00a0wies die gesamte Klage wiederum ab. Im beanstandeten Artikel gehe es nicht um Reichweiten-Werbung f\u00fcr einen TV-Sender, sondern darum, Interesse an einem neuen Radio-Programm zu wecken. Der Durchschnittsleser entnehme der beanstandeten Aussage keine ernst zu nehmende Tatsachenbehauptung. Der OGH befand die au\u00dferordentliche Revision der Kl\u00e4gerin f\u00fcr unzul\u00e4ssig.<\/p>\n<p>Werbung mit einer Spitzenstellung ist ein Sonderfall vergleichender Werbung. Die Frage, ob eine bestimmte Werbeaussage eine <strong>objektiv \u00fcberpr\u00fcfbare Tatsachenbehauptung oder nur eine rein subjektive Meinungskundgebung<\/strong> ist, ist immer nach dem <strong>Gesamteindruck<\/strong> der Ank\u00fcndigung zu beurteilen.<\/p>\n<p>Die Beurteilung des Berufungsgerichts, die beanstandete Textpassage werde bei Ber\u00fccksichtigung des Gesamtzusammenhangs des Artikels (Bewerbung einer neuen Radiosendung) vom Publikum nicht als ernst zu nehmende Tatsachenbehauptung \u00fcber die Spitzenstellung einer Fernsehsendung, gemessen an ihrer Reichweite, aufgefasst, h\u00e4lt sich im Rahmen der aufgezeigten Rechtsprechung und wurde vom OGH nicht als krasse Fehlbeurteilung aufgefasst. Ein <strong>Zusammenhang zwischen dem behaupteten \u201eErfolg\u201c der Sendung und deren Reichweite werde im Text nicht hergestellt<\/strong>. Der Erfolg einer Fernseh-Talkshow l\u00e4sst sich auch nicht einfach an deren Reichweite messen, sondern es sind auch andere Kriterien wie Prominenz der Besucher, Anzahl der Berichte \u00fcber die Sendung in anderen Medien u\u00e4 einzubeziehen. Zudem gibt es im deutschen Sprachraum <strong>kein gleichartiges Sendeformat<\/strong>, womit auch insoweit ein auf Tatsachen beruhendes \u201eRanking\u201c ausscheidet. Die Beklagten stellen <strong>keinen Bezug zu einer Analyse oder einem sonstigen Ranking<\/strong> her, das objektiv \u00fcberpr\u00fcfbar w\u00e4re. Es blieb daher bei der Klagsabweisung.<\/p>\n<p>&nbsp;<\/p>\n<p><a href=\"https:\/\/www.ris.bka.gv.at\/Dokumente\/Justiz\/JJT_20210527_OGH0002_0040OB00061_21F0000_000\/JJT_20210527_OGH0002_0040OB00061_21F0000_000.html\" target=\"_blank\" rel=\"noopener noreferrer\">Link zum Entscheidungstext<\/a><\/p>\n<p>&nbsp;<\/p>\n<p><strong>Weitere Blog-Beitr\u00e4ge zum Thema Werbung mit Spitzenstellung und Reichweiten:<\/strong><\/p>\n<p><a href=\"https:\/\/media-law.at\/?p=2839\">Irref\u00fchrende Werbung einer Tageszeitung mit Auflagezahlen (Spitzenstellungsbehauptung)<\/a><\/p>\n<p><a href=\"https:\/\/media-law.at\/?p=2283\">Werbung mit zeitlicher Spitzenstellung<\/a><\/p>\n<p><a href=\"https:\/\/media-law.at\/?p=307\">Beweislastverteilung bei Spitzenstellungswerbung; keine Beweisregel zur h\u00f6heren Glaubw\u00fcrdigkeit von wissenschaftlichen Studien<\/a><\/p>\n<p><a href=\"https:\/\/media-law.at\/?p=264\">Spitzenstellungswerbung \u201eImage der Tageszeitungen\u201c<\/a><\/p>\n<p><a href=\"https:\/\/media-law.at\/?p=1828\">Irref\u00fchrende Werbung mit Auflagenzahlen<\/a><\/p>\n<p><a href=\"https:\/\/media-law.at\/?p=296\">Ank\u00fcndigung \u201eDie Lieblingszeitung der Salzburger\u201c nicht irref\u00fchrend bei Anf\u00fchrung der richtigen und h\u00f6chsten Verkaufszahlen<\/a><\/p>\n<p><a href=\"https:\/\/media-law.at\/?p=3481\">Werbung mit Reichweitenvergleich: Nur tats\u00e4chlich auf dem Markt existierende Produkte m\u00fcssen miteinbezogen werden<\/a><\/p>\n<p><a href=\"https:\/\/media-law.at\/?p=3421\">Werbung mit Reichweitenangaben darf nicht irref\u00fchrend sein. Strenger Ma\u00dfstab gilt auch bei Werbung an Fachkreise.<\/a><\/p>\n<p><a href=\"https:\/\/media-law.at\/?p=2503\">Die Reichweitenuntersuchungen der Media-Analyse sind nicht irref\u00fchrend<\/a><\/p>\n[\/et_pb_text][\/et_pb_column][\/et_pb_row][\/et_pb_section]\n","protected":false},"excerpt":{"rendered":"<p>OGH-Entscheidung vom 27.5.2021, 4 Ob 61\/21f &nbsp; Sachverhalt: Die Medieninhaberin der \u201eKronen\u00a0Zeitung\u201c klagte die Medieninhaberin\/Gesch\u00e4ftsf\u00fchrung von \u201e\u00d6sterreich\u201c und \u201eoe24\u201c sowie die Medieninhaberin und Fernsehveranstalterin des Senders \u201eoe24.TV\u201c auf Unterlassung. Auf \u201eoe24.TV\u201c wird t\u00e4glich die politische Talkshow \u201eFELLNER! LIVE\u201c ausgestrahlt. Im deutschen Sprachraum gibt es keine vergleichbare Sendung dieser Frequenz. Im September\u00a02019 lag (je nach Zielgruppe) [&hellip;]<\/p>\n","protected":false},"author":1,"featured_media":0,"comment_status":"closed","ping_status":"open","sticky":false,"template":"","format":"standard","meta":{"_et_pb_use_builder":"on","_et_pb_old_content":"","_et_gb_content_width":"","footnotes":""},"categories":[4],"tags":[3040,2404,1323,1391,376,387,396,2376,2833],"class_list":["post-4507","post","type-post","status-publish","format-standard","hentry","category-uwg-werberecht","tag-fellner-live","tag-kronen-zeitung","tag-oesterreich","tag-spitzenstellungswerbung","tag-unterlassung","tag-uwg","tag-vergleichende-werbung","tag-werbung-mit-reichweiten","tag--2-abs-1-z-2-uwg"],"aioseo_notices":[],"_links":{"self":[{"href":"https:\/\/media-law.at\/index.php?rest_route=\/wp\/v2\/posts\/4507","targetHints":{"allow":["GET"]}}],"collection":[{"href":"https:\/\/media-law.at\/index.php?rest_route=\/wp\/v2\/posts"}],"about":[{"href":"https:\/\/media-law.at\/index.php?rest_route=\/wp\/v2\/types\/post"}],"author":[{"embeddable":true,"href":"https:\/\/media-law.at\/index.php?rest_route=\/wp\/v2\/users\/1"}],"replies":[{"embeddable":true,"href":"https:\/\/media-law.at\/index.php?rest_route=%2Fwp%2Fv2%2Fcomments&post=4507"}],"version-history":[{"count":4,"href":"https:\/\/media-law.at\/index.php?rest_route=\/wp\/v2\/posts\/4507\/revisions"}],"predecessor-version":[{"id":4511,"href":"https:\/\/media-law.at\/index.php?rest_route=\/wp\/v2\/posts\/4507\/revisions\/4511"}],"wp:attachment":[{"href":"https:\/\/media-law.at\/index.php?rest_route=%2Fwp%2Fv2%2Fmedia&parent=4507"}],"wp:term":[{"taxonomy":"category","embeddable":true,"href":"https:\/\/media-law.at\/index.php?rest_route=%2Fwp%2Fv2%2Fcategories&post=4507"},{"taxonomy":"post_tag","embeddable":true,"href":"https:\/\/media-law.at\/index.php?rest_route=%2Fwp%2Fv2%2Ftags&post=4507"}],"curies":[{"name":"wp","href":"https:\/\/api.w.org\/{rel}","templated":true}]}}