{"id":290,"date":"2013-04-17T13:43:35","date_gmt":"2013-04-17T13:43:35","guid":{"rendered":"http:\/\/lawbulletin.wordpress.com\/?p=148"},"modified":"2013-04-17T13:43:35","modified_gmt":"2013-04-17T13:43:35","slug":"schaffung-einer-neuen-unabhangigen-datenschutzbehorde","status":"publish","type":"post","link":"https:\/\/media-law.at\/?p=290","title":{"rendered":"Schaffung einer neuen unabh\u00e4ngigen Datenschutzbeh\u00f6rde"},"content":{"rendered":"<p>Der Verfassungsausschuss des Nationalrats hat am Dienstag eine Novelle des Datenschutzgesetzes gebilligt, mit der eine neue unabh\u00e4ngige Datenschutzbeh\u00f6rde geschaffen wird. Mit der Reform der Verwaltungsgerichtsbarkeit  wird die bisherige Datenschutzkommission aufgel\u00f6st.<\/p>\n<p>Die neue Datenschutzbeh\u00f6rde wird als Kontrollstelle zur \u00dcberpr\u00fcfung der Einhaltung von Datenschutzvorschriften fungieren, sowie f\u00fcr die F\u00fchrung von Registrierungsverfahren, die Genehmigung von Daten\u00fcbermittlungen ins Ausland, die Genehmigung von Datenverwendungen f\u00fcr wissenschaftliche oder statistische Zwecke und die Auskunftserteilung an B\u00fcrger zust\u00e4ndig sein. Der Leiter der Datenschutzbeh\u00f6rde soll f\u00fcr jeweils f\u00fcnf Jahre vom Bundespr\u00e4sidenten auf Vorschlag der Regierung bestellt werden.<\/p>\n<p>Ebenfalls an die zweistufige Verwaltungsgerichtsbarkeit angepasst werden auch das KommAustria-Gesetz, das ORF-Gesetz, das Audiovisuelle Mediendienste-Gesetz, das Fernseh-Exklusivrechtegesetz, das Parteiengesetz und das Volksgruppengesetz.<br \/>\nF\u00fcr Berufungen gegen Entscheidungen der Kommunikationsbeh\u00f6rde KommAustria, Beschwerden gegen Entscheidungen des Unabh\u00e4ngigen Parteien-Transparenz-Senats sowie Beschwerden gegen die Bestellung eines Mitglieds der Volksgruppenbeir\u00e4te ist k\u00fcnftig ein Senat des Bundesverwaltungsgerichts zust\u00e4ndig.<br \/>\n(Der Bundeskommunikationssenat wird aufgel\u00f6st.)<\/p>\n","protected":false},"excerpt":{"rendered":"<p>Der Verfassungsausschuss des Nationalrats hat am Dienstag eine Novelle des Datenschutzgesetzes gebilligt, mit der eine neue unabh\u00e4ngige Datenschutzbeh\u00f6rde geschaffen wird. Mit der Reform der Verwaltungsgerichtsbarkeit wird die bisherige Datenschutzkommission aufgel\u00f6st. Die neue Datenschutzbeh\u00f6rde wird als Kontrollstelle zur \u00dcberpr\u00fcfung der Einhaltung von Datenschutzvorschriften fungieren, sowie f\u00fcr die F\u00fchrung von Registrierungsverfahren, die Genehmigung von Daten\u00fcbermittlungen ins Ausland, [&hellip;]<\/p>\n","protected":false},"author":1,"featured_media":0,"comment_status":"open","ping_status":"open","sticky":false,"template":"","format":"standard","meta":{"_et_pb_use_builder":"","_et_pb_old_content":"","_et_gb_content_width":"","footnotes":""},"categories":[3,18,12,1],"tags":[88,94,95,220],"class_list":["post-290","post","type-post","status-publish","format-standard","hentry","category-allgemeines","category-datenschutzrecht","category-medienrecht","category-uncategorized","tag-bundesverwaltungsgericht","tag-datenschutz","tag-datenschutzbehorde","tag-kommaustria"],"aioseo_notices":[],"_links":{"self":[{"href":"https:\/\/media-law.at\/index.php?rest_route=\/wp\/v2\/posts\/290","targetHints":{"allow":["GET"]}}],"collection":[{"href":"https:\/\/media-law.at\/index.php?rest_route=\/wp\/v2\/posts"}],"about":[{"href":"https:\/\/media-law.at\/index.php?rest_route=\/wp\/v2\/types\/post"}],"author":[{"embeddable":true,"href":"https:\/\/media-law.at\/index.php?rest_route=\/wp\/v2\/users\/1"}],"replies":[{"embeddable":true,"href":"https:\/\/media-law.at\/index.php?rest_route=%2Fwp%2Fv2%2Fcomments&post=290"}],"version-history":[{"count":0,"href":"https:\/\/media-law.at\/index.php?rest_route=\/wp\/v2\/posts\/290\/revisions"}],"wp:attachment":[{"href":"https:\/\/media-law.at\/index.php?rest_route=%2Fwp%2Fv2%2Fmedia&parent=290"}],"wp:term":[{"taxonomy":"category","embeddable":true,"href":"https:\/\/media-law.at\/index.php?rest_route=%2Fwp%2Fv2%2Fcategories&post=290"},{"taxonomy":"post_tag","embeddable":true,"href":"https:\/\/media-law.at\/index.php?rest_route=%2Fwp%2Fv2%2Ftags&post=290"}],"curies":[{"name":"wp","href":"https:\/\/api.w.org\/{rel}","templated":true}]}}