{"id":2187,"date":"2017-03-07T11:38:23","date_gmt":"2017-03-07T11:38:23","guid":{"rendered":"http:\/\/media-law.at\/?p=2187"},"modified":"2017-03-07T11:38:23","modified_gmt":"2017-03-07T11:38:23","slug":"bildberichterstattung-ueber-eine-strafgerichtlich-verurteilte-person-zusammenhang-von-bild-und-text-erforderlich","status":"publish","type":"post","link":"https:\/\/media-law.at\/?p=2187","title":{"rendered":"Bildberichterstattung \u00fcber eine strafgerichtlich verurteilte Person: Zusammenhang von Bild und Text erforderlich"},"content":{"rendered":"<p>OGH-Entscheidung vom 30.1.2017, 6 Ob 216\/16g<\/p>\n<p><strong>Sachverhalt:<\/strong><\/p>\n<p>Im vorliegenden Fall ver\u00f6ffentlichte die Beklagte (Medieninhaberin einer Tageszeitung) einen Artikel, in welchem der Kl\u00e4ger als \u201e<em>verurteilter Neonazi<\/em>\u201c bezeichnet wird. Auf einem Lichtbild ist der Kl\u00e4ger unter anderem neben einem wegen NS-Wiederbet\u00e4tigung\u00a0bekannten Mann\u00a0zu sehen.<\/p>\n<p><strong>Entscheidung:<\/strong><\/p>\n<p>Das Begehren des Kl\u00e4gers auf u.a. Unterlassung wurde in den ersten beiden Instanzen abgewiesen. Der Kl\u00e4ger sei\u00a0zwar als \u201everurteilter Neonazi\u201c bezeichnet worden, gleichzeitig wurde aber im Begleittext ausgef\u00fchrt, dass das auf dem Lichtbild dargestellte Treffen von Neonazis bereits 1987 stattgefunden habe.<\/p>\n<p>Der OGH gab dem au\u00dferordentlichen Revisionsrekurs des Kl\u00e4gers Folge: Anl\u00e4sslich der Interessenabw\u00e4gung bei Beurteilung der Zul\u00e4ssigkeit einer<strong> Bildberichterstattung \u00fcber eine strafgerichtlich verurteilte Person<\/strong>, sind\u00a0nach deren bedingter Haftentlassung unter anderem der <strong>Zusammenhang zwischen dem Inhalt des Berichts und dem gezeigten Bild und die Vollst\u00e4ndigkeit und Korrektheit des begleitenden Texts<\/strong> zu ber\u00fccksichtigen. Der hier inkriminierte Artikel befasst sich inhaltlich jedoch nicht mit dem Kl\u00e4ger, sondern mit dessen Bruder und einem Kandidaten f\u00fcr die Bundespr\u00e4sidentenwahl\u00a02016, weshalb der Hinweis auf die erfolgte \u201eVerurteilung des Kl\u00e4gers als Neonazi\u201c keinerlei sachliche Rechtfertigung hatte.<\/p>\n","protected":false},"excerpt":{"rendered":"<p>OGH-Entscheidung vom 30.1.2017, 6 Ob 216\/16g Sachverhalt: Im vorliegenden Fall ver\u00f6ffentlichte die Beklagte (Medieninhaberin einer Tageszeitung) einen Artikel, in welchem der Kl\u00e4ger als \u201everurteilter Neonazi\u201c bezeichnet wird. Auf einem Lichtbild ist der Kl\u00e4ger unter anderem neben einem wegen NS-Wiederbet\u00e4tigung\u00a0bekannten Mann\u00a0zu sehen. Entscheidung: Das Begehren des Kl\u00e4gers auf u.a. Unterlassung wurde in den ersten beiden Instanzen [&hellip;]<\/p>\n","protected":false},"author":1,"featured_media":0,"comment_status":"closed","ping_status":"open","sticky":false,"template":"","format":"standard","meta":{"_et_pb_use_builder":"","_et_pb_old_content":"","_et_gb_content_width":"","footnotes":""},"categories":[12,15,13],"tags":[1298,686,307,1299],"class_list":["post-2187","post","type-post","status-publish","format-standard","hentry","category-medienrecht","category-persoenlichkeitsrechte","category-urheberrecht","tag-bildberichterstattung","tag-interessenabwaegung","tag-recht-am-eigenen-bild","tag-strafgerichtlich-verurteilte-person"],"aioseo_notices":[],"_links":{"self":[{"href":"https:\/\/media-law.at\/index.php?rest_route=\/wp\/v2\/posts\/2187","targetHints":{"allow":["GET"]}}],"collection":[{"href":"https:\/\/media-law.at\/index.php?rest_route=\/wp\/v2\/posts"}],"about":[{"href":"https:\/\/media-law.at\/index.php?rest_route=\/wp\/v2\/types\/post"}],"author":[{"embeddable":true,"href":"https:\/\/media-law.at\/index.php?rest_route=\/wp\/v2\/users\/1"}],"replies":[{"embeddable":true,"href":"https:\/\/media-law.at\/index.php?rest_route=%2Fwp%2Fv2%2Fcomments&post=2187"}],"version-history":[{"count":1,"href":"https:\/\/media-law.at\/index.php?rest_route=\/wp\/v2\/posts\/2187\/revisions"}],"predecessor-version":[{"id":2188,"href":"https:\/\/media-law.at\/index.php?rest_route=\/wp\/v2\/posts\/2187\/revisions\/2188"}],"wp:attachment":[{"href":"https:\/\/media-law.at\/index.php?rest_route=%2Fwp%2Fv2%2Fmedia&parent=2187"}],"wp:term":[{"taxonomy":"category","embeddable":true,"href":"https:\/\/media-law.at\/index.php?rest_route=%2Fwp%2Fv2%2Fcategories&post=2187"},{"taxonomy":"post_tag","embeddable":true,"href":"https:\/\/media-law.at\/index.php?rest_route=%2Fwp%2Fv2%2Ftags&post=2187"}],"curies":[{"name":"wp","href":"https:\/\/api.w.org\/{rel}","templated":true}]}}