{"id":1963,"date":"2016-02-23T17:28:19","date_gmt":"2016-02-23T17:28:19","guid":{"rendered":"http:\/\/media-law.at\/?p=1963"},"modified":"2016-02-23T18:01:24","modified_gmt":"2016-02-23T18:01:24","slug":"aus-habm-und-gemeinschaftsmarke-werden-euipo-und-unionsmarke","status":"publish","type":"post","link":"https:\/\/media-law.at\/?p=1963","title":{"rendered":"Aus HABM und Gemeinschaftsmarke werden EUIPO und Unionsmarke. Auch neu: Geb\u00fchren"},"content":{"rendered":"<p>Mit Umsetzung der Verordnung (EU)\u00a0 2015\/2424 des Europ\u00e4ischen Parlaments und des Rates zur \u00c4nderung der Gemeinschaftsmarkenverordnung treten einige \u00c4nderungen in Kraft. Die wichtigsten:<\/p>\n<ol>\n<li>Das Harmonisierungsamt f\u00fcr den Binnenmarkt wird die Bezeichnung <strong><span class=\"semi-bold\">Amt der Europ\u00e4ischen Union f\u00fcr geistiges Eigentum (EUIPO)<\/span><\/strong> tragen.<\/li>\n<li>\u00a0Die Gemeinschaftsmarke wird als <strong><span class=\"semi-bold\">Unionsmarke<\/span> <\/strong>bezeichnet werden.<\/li>\n<li>Ein <strong>neues Geb\u00fchrensystem<\/strong> mit einer Geb\u00fchr pro Klasse f\u00fcr Anmelde- und Verl\u00e4ngerungsgeb\u00fchren wird eingef\u00fchrt. Erste Klasse EUR 850, zweite Klasse EUR 50, dritte Klasse EUR 150, vierte und alle weiteren Klassen EUR 150. Insofern fallen die Anmeldegeb\u00fchren etwas geringer aus als bisher, <strong>wenn nur eine Klasse<\/strong> angemeldet wird. Bei zwei Klassen ist bereits die bisherige Geb\u00fchr iHv EUR 900 erreicht, die bislang drei Klassen umfasste. Ab der dritten Klasse f\u00e4llt die Anmeldung einer Unionsmarke <strong>zuk\u00fcnftig um einiges teurer<\/strong> aus.<\/li>\n<\/ol>\n<p>Die \u00c4nderungsverordnung wird am <strong>23.\u00a0M\u00e4rz 2016<\/strong> in Kraft treten.<\/p>\n","protected":false},"excerpt":{"rendered":"<p>Mit Umsetzung der Verordnung (EU)\u00a0 2015\/2424 des Europ\u00e4ischen Parlaments und des Rates zur \u00c4nderung der Gemeinschaftsmarkenverordnung treten einige \u00c4nderungen in Kraft. Die wichtigsten: Das Harmonisierungsamt f\u00fcr den Binnenmarkt wird die Bezeichnung Amt der Europ\u00e4ischen Union f\u00fcr geistiges Eigentum (EUIPO) tragen. \u00a0Die Gemeinschaftsmarke wird als Unionsmarke bezeichnet werden. Ein neues Geb\u00fchrensystem mit einer Geb\u00fchr pro Klasse [&hellip;]<\/p>\n","protected":false},"author":1,"featured_media":0,"comment_status":"closed","ping_status":"open","sticky":false,"template":"","format":"standard","meta":{"_et_pb_use_builder":"","_et_pb_old_content":"","_et_gb_content_width":"","footnotes":""},"categories":[5],"tags":[1176,1177,1175,1174],"class_list":["post-1963","post","type-post","status-publish","format-standard","hentry","category-markenrecht","tag-euipo","tag-gebuehrenerhoehung-gemeinschaftsmarke","tag-unionsmarke","tag-vo-20152424"],"aioseo_notices":[],"_links":{"self":[{"href":"https:\/\/media-law.at\/index.php?rest_route=\/wp\/v2\/posts\/1963","targetHints":{"allow":["GET"]}}],"collection":[{"href":"https:\/\/media-law.at\/index.php?rest_route=\/wp\/v2\/posts"}],"about":[{"href":"https:\/\/media-law.at\/index.php?rest_route=\/wp\/v2\/types\/post"}],"author":[{"embeddable":true,"href":"https:\/\/media-law.at\/index.php?rest_route=\/wp\/v2\/users\/1"}],"replies":[{"embeddable":true,"href":"https:\/\/media-law.at\/index.php?rest_route=%2Fwp%2Fv2%2Fcomments&post=1963"}],"version-history":[{"count":5,"href":"https:\/\/media-law.at\/index.php?rest_route=\/wp\/v2\/posts\/1963\/revisions"}],"predecessor-version":[{"id":1968,"href":"https:\/\/media-law.at\/index.php?rest_route=\/wp\/v2\/posts\/1963\/revisions\/1968"}],"wp:attachment":[{"href":"https:\/\/media-law.at\/index.php?rest_route=%2Fwp%2Fv2%2Fmedia&parent=1963"}],"wp:term":[{"taxonomy":"category","embeddable":true,"href":"https:\/\/media-law.at\/index.php?rest_route=%2Fwp%2Fv2%2Fcategories&post=1963"},{"taxonomy":"post_tag","embeddable":true,"href":"https:\/\/media-law.at\/index.php?rest_route=%2Fwp%2Fv2%2Ftags&post=1963"}],"curies":[{"name":"wp","href":"https:\/\/api.w.org\/{rel}","templated":true}]}}