{"id":1193,"date":"2014-05-13T11:34:32","date_gmt":"2014-05-13T11:34:32","guid":{"rendered":"http:\/\/media-law.at\/?p=1193"},"modified":"2014-05-14T12:23:14","modified_gmt":"2014-05-14T12:23:14","slug":"eugh-suchmaschinenbetreiber-google-kann-zur-loeschung-von-links-zu-webseiten-mit-privatenpersonenbezogenen-daten-verpflichtet-werden","status":"publish","type":"post","link":"https:\/\/media-law.at\/?p=1193","title":{"rendered":"EuGH: Google kann zur L\u00f6schung von Links zu Webseiten mit privaten\/personenbezogenen Daten verpflichtet werden"},"content":{"rendered":"<p>EuGH-Urteil vom 13.5.2014,\u00a0Rechtssache C\u2011131\/12<\/p>\n<p><strong>Sachverhalt und Ausgangsverfahren:<\/strong><\/p>\n<p>Ein spanischer Staatsb\u00fcrger erhob bei der spanischen Datenschutzbeh\u00f6rde Beschwerde gegen die Internetseite einer spanischen Tageszeitung sowie gegen Google. Der Beschwerde lag zugrunde, dass bei Eingabe seines\u00a0Namens in die Suchmaschine Links zu zwei Seiten einer\u00a0Tageszeitung\u00a0aus dem Jahr\u00a0<strong>1998<\/strong> angezeigt wurden, die eine Anzeige enthielten, in der unter <strong>Nennung des Namens<\/strong> des Beschwerdef\u00fchrers auf die Versteigerung eines Grundst\u00fccks im Zusammenhang mit einer wegen Forderungen der Sozialversicherung erfolgten <strong>Pf\u00e4ndung <\/strong>hingewiesen wurde.<\/p>\n<p>Der Beschwerdef\u00fchrer\u00a0beantragte, die Tageszeitung und\u00a0Google\u00a0anzuweisen, entweder die genannten Seiten bzw Suchergebnisse zu l\u00f6schen, zu verbergen oder zu \u00e4ndern, so dass die ihn betreffenden personenbezogen Daten dort nicht mehr angezeigt w\u00fcrden. Die Pf\u00e4ndung sei seit Jahren vollst\u00e4ndig erledigt und verdiene keine Erw\u00e4hnung mehr.<\/p>\n<p>Die Datenschutzbeschwerde wies die Beschwerde gegen die Tageszeitung zur\u00fcck; der Beschwerde gegen Google gab sie jedoch statt. Google klagte gegen diese Entscheidung. Das zust\u00e4ndige Gericht legte dem EuGH daraufhin zur Vorabentscheidung Fragen betreffend die <strong>Datenschutzrichtlinie<\/strong> (Richtlinie 95\/46\/EG ) vor.<\/p>\n<p><strong>EuGH-Urteil:<\/strong><\/p>\n<p>Die vorgelegten Fragen beantwortete der EuGH (zusammengefasst) dahingehend, dass \u00a0die <strong>T\u00e4tigkeit einer Suchmaschine<\/strong> [&#8230; von Dritten ins Internet gestellte Informationen zu finden, zu indexieren, zu speichern und zur Verf\u00fcgung zu stellen&#8230;], sofern die Informationen personenbezogene Daten enthalten, <strong>als \u201eVerarbeitung personenbezogener Daten\u201c einzustufen<\/strong> ist. Au\u00dferdem ist\u00a0<strong>der Suchmaschinenbetreiber als f\u00fcr eine solche Verarbeitung personenbezogener Daten \u201eVerantwortlicher\u201c<\/strong> anzusehen.<\/p>\n<p class=\"C01PointnumeroteAltN\">Der Suchmaschinenbetreiber ist dazu verpflichtet, von der Ergebnisliste, die im Anschluss an eine anhand des Namens einer Person durchgef\u00fchrte Suche angezeigt wird, <strong>Links zu von Dritten ver\u00f6ffentlichten Internetseiten mit Informationen zu dieser Person zu entfernen<\/strong>, auch wenn der Name oder die Informationen auf diesen Internetseiten nicht vorher oder gleichzeitig gel\u00f6scht werden und gegebenenfalls auch dann, wenn ihre Ver\u00f6ffentlichung auf den Internetseiten als solche rechtm\u00e4\u00dfig ist. Es ist jedoch\u00a0zu<strong> pr\u00fcfen, ob die betroffene Person ein Recht darauf hat<\/strong>, dass die Information \u00fcber sie nicht mehr durch eine Ergebnisliste angezeigt wird, wobei die Feststellung eines solchen Rechts <strong>nicht voraussetzt<\/strong>, dass der betroffenen Person durch die Einbeziehung der betreffenden Information in die Ergebnisliste ein <strong>Schaden entsteht<\/strong>.<\/p>\n<p class=\"C01PointnumeroteAltN\">Da die betroffene Person in Anbetracht ihrer<strong> Grundrechte aus den Art.\u00a07 (Achtung des Privat- und Familienlebens) und Art. 8 (Schutz personenbezogener Daten)<\/strong> der Grundrechtecharta verlangen kann, dass die betreffende Information der breiten \u00d6ffentlichkeit nicht mehr durch Einbeziehung in eine derartige Ergebnisliste zur Verf\u00fcgung gestellt wird, <strong>\u00fcberwiegen diese Rechte<\/strong> grunds\u00e4tzlich nicht nur gegen\u00fcber dem wirtschaftlichen Interesse des Suchmaschinenbetreibers, sondern auch gegen\u00fcber dem Interesse der breiten \u00d6ffentlichkeit am Zugang zu der Information bei einer anhand des Namens der betroffenen Person durchgef\u00fchrten Suche. Dies w\u00e4re jedoch <strong>nicht der Fall, wenn sich aus besonderen Gr\u00fcnden<\/strong> \u2013 wie der Rolle der betreffenden Person im \u00f6ffentlichen Leben \u2013 ergeben sollte, dass der Eingriff in die Grundrechte dieser Person durch das <strong>\u00fcberwiegende Interesse der breiten \u00d6ffentlichkeit<\/strong>\u00a0gerechtfertigt ist.<\/p>\n","protected":false},"excerpt":{"rendered":"<p>EuGH-Urteil vom 13.5.2014,\u00a0Rechtssache C\u2011131\/12 Sachverhalt und Ausgangsverfahren: Ein spanischer Staatsb\u00fcrger erhob bei der spanischen Datenschutzbeh\u00f6rde Beschwerde gegen die Internetseite einer spanischen Tageszeitung sowie gegen Google. Der Beschwerde lag zugrunde, dass bei Eingabe seines\u00a0Namens in die Suchmaschine Links zu zwei Seiten einer\u00a0Tageszeitung\u00a0aus dem Jahr\u00a01998 angezeigt wurden, die eine Anzeige enthielten, in der unter Nennung des Namens [&hellip;]<\/p>\n","protected":false},"author":1,"featured_media":0,"comment_status":"closed","ping_status":"open","sticky":false,"template":"","format":"standard","meta":{"_et_pb_use_builder":"","_et_pb_old_content":"","_et_gb_content_width":"","footnotes":""},"categories":[18,8,572,11,15],"tags":[769,742,48,94,95,770,134,176,741,773,61,768,771,743,352,772,420],"class_list":["post-1193","post","type-post","status-publish","format-standard","hentry","category-datenschutzrecht","category-eu-rechtsprechung","category-internetrecht","category-it-recht","category-persoenlichkeitsrechte","tag-achtung-des-privat-und-familienlebens","tag-achtung-des-privatlebens","tag-art-8-emrk","tag-datenschutz","tag-datenschutzbehorde","tag-datenschutzrichtlinie","tag-eugh","tag-google","tag-grundrechte","tag-interresse-der-oeffentlichkeit","tag-offentliches-interesse","tag-personenbezogene-daten","tag-richtlinie-9546eg","tag-schutz-personenbezogener-daten","tag-suchmaschine","tag-verarbeitung-personenbezogener-daten","tag-vorabentscheidung"],"aioseo_notices":[],"_links":{"self":[{"href":"https:\/\/media-law.at\/index.php?rest_route=\/wp\/v2\/posts\/1193","targetHints":{"allow":["GET"]}}],"collection":[{"href":"https:\/\/media-law.at\/index.php?rest_route=\/wp\/v2\/posts"}],"about":[{"href":"https:\/\/media-law.at\/index.php?rest_route=\/wp\/v2\/types\/post"}],"author":[{"embeddable":true,"href":"https:\/\/media-law.at\/index.php?rest_route=\/wp\/v2\/users\/1"}],"replies":[{"embeddable":true,"href":"https:\/\/media-law.at\/index.php?rest_route=%2Fwp%2Fv2%2Fcomments&post=1193"}],"version-history":[{"count":4,"href":"https:\/\/media-law.at\/index.php?rest_route=\/wp\/v2\/posts\/1193\/revisions"}],"predecessor-version":[{"id":1197,"href":"https:\/\/media-law.at\/index.php?rest_route=\/wp\/v2\/posts\/1193\/revisions\/1197"}],"wp:attachment":[{"href":"https:\/\/media-law.at\/index.php?rest_route=%2Fwp%2Fv2%2Fmedia&parent=1193"}],"wp:term":[{"taxonomy":"category","embeddable":true,"href":"https:\/\/media-law.at\/index.php?rest_route=%2Fwp%2Fv2%2Fcategories&post=1193"},{"taxonomy":"post_tag","embeddable":true,"href":"https:\/\/media-law.at\/index.php?rest_route=%2Fwp%2Fv2%2Ftags&post=1193"}],"curies":[{"name":"wp","href":"https:\/\/api.w.org\/{rel}","templated":true}]}}